{"id":4107,"date":"2020-06-19T10:43:12","date_gmt":"2020-06-19T08:43:12","guid":{"rendered":"https:\/\/dnipola.kpodr.pl\/?p=4107"},"modified":"2020-12-11T09:37:20","modified_gmt":"2020-12-11T08:37:20","slug":"4107","status":"publish","type":"post","link":"https:\/\/dnipola.kpodr.pl\/?p=4107","title":{"rendered":"Uwaga Redakcje!"},"content":{"rendered":"<p><img loading=\"lazy\" decoding=\"async\" class=\"lazyload aligncenter\" src=\"data:image\/svg+xml,%3Csvg%20xmlns%3D%27http%3A%2F%2Fwww.w3.org%2F2000%2Fsvg%27%20width%3D%271003%27%20height%3D%27423%27%20viewBox%3D%270%200%201003%20423%27%3E%3Crect%20width%3D%271003%27%20height%3D%273423%27%20fill-opacity%3D%220%22%2F%3E%3C%2Fsvg%3E\" data-orig-src=\"https:\/\/www.gov.pl\/photo\/format\/d8ef425c-a682-40db-a317-be7016a467c1\/resolution\/1920x810\" alt=\"baner zaproszenie na Krajowe Dni Pola\" width=\"1003\" height=\"423\" \/><\/p>\n<h1 style=\"text-align: center;\"><strong>Uwaga Redakcje!<\/strong><\/h1>\n<h1 style=\"text-align: center;\">W sobot\u0119 20 czerwca br., o godz. 11:00 zapraszamy do Minikowa na oficjalne otwarcie Krajowych Dni Pola z udzia\u0142em Ministra Jana Krzysztofa Ardanowskiego, Komisarza Janusza Wojciechowskiego oraz Podsekretarza Stanu Ryszarda Kami\u0144skiego.<\/h1>\n<p style=\"text-align: right;\">https:\/\/www.gov.pl\/web\/rolnictwo\/krajowe-dni-pola<\/p>\n","protected":false},"excerpt":{"rendered":"<p>Uwaga Redakcje! W sobot\u0119 20 czerwca br., o godz. 11:00 zapraszamy do Minikowa na oficjalne otwarcie Krajowych Dni Pola z udzia\u0142em Ministra Jana Krzysztofa Ardanowskiego, Komisarza Janusza Wojciechowskiego oraz Podsekretarza Stanu Ryszarda Kami\u0144skiego. https:\/\/www.gov.pl\/web\/rolnictwo\/krajowe-dni-pola<\/p>\n","protected":false},"author":7,"featured_media":4114,"comment_status":"closed","ping_status":"closed","sticky":false,"template":"","format":"standard","meta":{"_monsterinsights_skip_tracking":false,"_monsterinsights_sitenote_active":false,"_monsterinsights_sitenote_note":"","_monsterinsights_sitenote_category":0,"footnotes":""},"categories":[37,1],"tags":[],"class_list":["post-4107","post","type-post","status-publish","format-standard","has-post-thumbnail","hentry","category-37","category-aktualnosci"],"_links":{"self":[{"href":"https:\/\/dnipola.kpodr.pl\/index.php?rest_route=\/wp\/v2\/posts\/4107","targetHints":{"allow":["GET"]}}],"collection":[{"href":"https:\/\/dnipola.kpodr.pl\/index.php?rest_route=\/wp\/v2\/posts"}],"about":[{"href":"https:\/\/dnipola.kpodr.pl\/index.php?rest_route=\/wp\/v2\/types\/post"}],"author":[{"embeddable":true,"href":"https:\/\/dnipola.kpodr.pl\/index.php?rest_route=\/wp\/v2\/users\/7"}],"replies":[{"embeddable":true,"href":"https:\/\/dnipola.kpodr.pl\/index.php?rest_route=%2Fwp%2Fv2%2Fcomments&post=4107"}],"version-history":[{"count":3,"href":"https:\/\/dnipola.kpodr.pl\/index.php?rest_route=\/wp\/v2\/posts\/4107\/revisions"}],"predecessor-version":[{"id":4116,"href":"https:\/\/dnipola.kpodr.pl\/index.php?rest_route=\/wp\/v2\/posts\/4107\/revisions\/4116"}],"wp:featuredmedia":[{"embeddable":true,"href":"https:\/\/dnipola.kpodr.pl\/index.php?rest_route=\/wp\/v2\/media\/4114"}],"wp:attachment":[{"href":"https:\/\/dnipola.kpodr.pl\/index.php?rest_route=%2Fwp%2Fv2%2Fmedia&parent=4107"}],"wp:term":[{"taxonomy":"category","embeddable":true,"href":"https:\/\/dnipola.kpodr.pl\/index.php?rest_route=%2Fwp%2Fv2%2Fcategories&post=4107"},{"taxonomy":"post_tag","embeddable":true,"href":"https:\/\/dnipola.kpodr.pl\/index.php?rest_route=%2Fwp%2Fv2%2Ftags&post=4107"}],"curies":[{"name":"wp","href":"https:\/\/api.w.org\/{rel}","templated":true}]}}