{"id":4826,"date":"2021-02-05T09:57:50","date_gmt":"2021-02-05T08:57:50","guid":{"rendered":"https:\/\/dnipola.kpodr.pl\/?p=4826"},"modified":"2021-02-09T10:05:31","modified_gmt":"2021-02-09T09:05:31","slug":"co-zaoferuja-nam-tegoroczne-krajowe-dni-pola-o-tym-grazyna-rakowicz-rozmawia-z-dr-ryszardem-zarudzkim-dyrektorem-kujawsko-pomorskiego-osrodka-doradztwa-rolniczego-w-minikowie","status":"publish","type":"post","link":"https:\/\/dnipola.kpodr.pl\/?p=4826","title":{"rendered":"Co zaoferuj\u0105 nam tegoroczne Krajowe Dni Pola?"},"content":{"rendered":"<p><img loading=\"lazy\" decoding=\"async\" class=\"lazyload alignnone size-full wp-image-4827 aligncenter\" src=\"https:\/\/dnipola.kpodr.pl\/wp-content\/uploads\/2021\/02\/1.jpg\" data-orig-src=\"https:\/\/dnipola.kpodr.pl\/wp-content\/uploads\/2021\/02\/1.jpg\" alt=\"\" width=\"605\" height=\"340\" srcset=\"data:image\/svg+xml,%3Csvg%20xmlns%3D%27http%3A%2F%2Fwww.w3.org%2F2000%2Fsvg%27%20width%3D%27605%27%20height%3D%27340%27%20viewBox%3D%270%200%20605%20340%27%3E%3Crect%20width%3D%27605%27%20height%3D%273340%27%20fill-opacity%3D%220%22%2F%3E%3C%2Fsvg%3E\" data-srcset=\"https:\/\/dnipola.kpodr.pl\/wp-content\/uploads\/2021\/02\/1-200x112.jpg 200w, https:\/\/dnipola.kpodr.pl\/wp-content\/uploads\/2021\/02\/1-300x169.jpg 300w, https:\/\/dnipola.kpodr.pl\/wp-content\/uploads\/2021\/02\/1-400x225.jpg 400w, https:\/\/dnipola.kpodr.pl\/wp-content\/uploads\/2021\/02\/1-600x337.jpg 600w, https:\/\/dnipola.kpodr.pl\/wp-content\/uploads\/2021\/02\/1.jpg 605w\" data-sizes=\"auto\" data-orig-sizes=\"auto, (max-width: 605px) 100vw, 605px\" \/><\/p>\n<p style=\"text-align: center;\"><em><strong><u><a href=\"https:\/\/l.facebook.com\/l.php?u=https%3A%2F%2Fbydgoszcz.tvp.pl%2F52139045%2Frozmowa-dnia-4022021%3Ffbclid%3DIwAR1rPi58jmsA80KW_k-NZdCkf-u7YcwKCUYIC-U_A-PFeysWggaf2sQFDTk&amp;h=AT0_LYhjCxWH3-zwfniNEH19f777L-qa8fSRLqje5fqqNXDnSxNEH0qoC_5X7U2sUu4um6n1iMLD8psJYJYelmPJa8Of71uH74TSW_K-wln66JXUIjftAs0qXshZsrPrPvXpYU48tEimRHT9SVQA&amp;__tn__=-UK-R&amp;c%5b0%5d=AT2T0aXUvTKbXVN6yo8IOr8cPMlX5rgcm8_7BLxwv-xGO5Ylx68rig_vVEyM6lzSPQgPHQifr51YstdtPWaZGlOvU4K_Qozvwi4s8bmLeFv5PG8uFw6-0Skjz5tRedAy3iSERvGuhy94dHb37eHDlQLC-Ft1fgroNPIpq9F-A_QnWSLGzXA\" target=\"_blank\" rel=\"noopener noreferrer\">https:\/\/bydgoszcz.tvp.pl\/52139045\/rozmowa-dnia-4022021<\/a><\/u><\/strong><\/em><\/p>\n<p style=\"text-align: center;\">Jak pandemia, ale i ASF oraz ptasia grypa wp\u0142yn\u0119\u0142y na rynek rolny w kraju? Dlaczego rolnicy, tak\u017ce w naszym regionie, jak na razie sceptycznie podchodz\u0105 do proponowanej przez Uni\u0119 Europejsk\u0105 proekologicznej przebudowy gospodarki pod has\u0142em &#8222;Europejski Zielony \u0141ad?&#8221; Co zaoferuj\u0105 nam tegoroczne Krajowe Dni Pola? O tym Gra\u017cyna Rakowicz rozmawia z dr Ryszardem Zarudzkim, dyrektorem Kujawsko-Pomorskiego O\u015brodka Doradztwa Rolniczego w Minikowie.<\/p>\n<p>&nbsp;<\/p>\n<p>&nbsp;<\/p>\n","protected":false},"excerpt":{"rendered":"<p>https:\/\/bydgoszcz.tvp.pl\/52139045\/rozmowa-dnia-4022021 Jak pandemia, ale i ASF oraz ptasia grypa wp\u0142yn\u0119\u0142y na rynek rolny w kraju? Dlaczego rolnicy, tak\u017ce w naszym regionie, jak na razie sceptycznie podchodz\u0105 do proponowanej przez Uni\u0119 Europejsk\u0105 proekologicznej przebudowy gospodarki pod has\u0142em &#8222;Europejski Zielony \u0141ad?&#8221; Co zaoferuj\u0105 nam tegoroczne Krajowe Dni Pola? O tym Gra\u017cyna Rakowicz rozmawia z dr Ryszardem [&hellip;]<\/p>\n","protected":false},"author":7,"featured_media":4827,"comment_status":"closed","ping_status":"closed","sticky":false,"template":"","format":"standard","meta":{"_monsterinsights_skip_tracking":false,"_monsterinsights_sitenote_active":false,"_monsterinsights_sitenote_note":"","_monsterinsights_sitenote_category":0,"footnotes":""},"categories":[1],"tags":[],"class_list":["post-4826","post","type-post","status-publish","format-standard","has-post-thumbnail","hentry","category-aktualnosci"],"_links":{"self":[{"href":"https:\/\/dnipola.kpodr.pl\/index.php?rest_route=\/wp\/v2\/posts\/4826","targetHints":{"allow":["GET"]}}],"collection":[{"href":"https:\/\/dnipola.kpodr.pl\/index.php?rest_route=\/wp\/v2\/posts"}],"about":[{"href":"https:\/\/dnipola.kpodr.pl\/index.php?rest_route=\/wp\/v2\/types\/post"}],"author":[{"embeddable":true,"href":"https:\/\/dnipola.kpodr.pl\/index.php?rest_route=\/wp\/v2\/users\/7"}],"replies":[{"embeddable":true,"href":"https:\/\/dnipola.kpodr.pl\/index.php?rest_route=%2Fwp%2Fv2%2Fcomments&post=4826"}],"version-history":[{"count":3,"href":"https:\/\/dnipola.kpodr.pl\/index.php?rest_route=\/wp\/v2\/posts\/4826\/revisions"}],"predecessor-version":[{"id":4830,"href":"https:\/\/dnipola.kpodr.pl\/index.php?rest_route=\/wp\/v2\/posts\/4826\/revisions\/4830"}],"wp:featuredmedia":[{"embeddable":true,"href":"https:\/\/dnipola.kpodr.pl\/index.php?rest_route=\/wp\/v2\/media\/4827"}],"wp:attachment":[{"href":"https:\/\/dnipola.kpodr.pl\/index.php?rest_route=%2Fwp%2Fv2%2Fmedia&parent=4826"}],"wp:term":[{"taxonomy":"category","embeddable":true,"href":"https:\/\/dnipola.kpodr.pl\/index.php?rest_route=%2Fwp%2Fv2%2Fcategories&post=4826"},{"taxonomy":"post_tag","embeddable":true,"href":"https:\/\/dnipola.kpodr.pl\/index.php?rest_route=%2Fwp%2Fv2%2Ftags&post=4826"}],"curies":[{"name":"wp","href":"https:\/\/api.w.org\/{rel}","templated":true}]}}