{"id":6832,"date":"2021-06-10T14:12:20","date_gmt":"2021-06-10T12:12:20","guid":{"rendered":"https:\/\/dnipola.kpodr.pl\/?p=6832"},"modified":"2021-06-10T14:13:48","modified_gmt":"2021-06-10T12:13:48","slug":"stan-ziemniakow-w-pierwszej-dekadzie-czerwca","status":"publish","type":"post","link":"https:\/\/dnipola.kpodr.pl\/?p=6832","title":{"rendered":"Stan ziemniak\u00f3w w pierwszej dekadzie czerwca"},"content":{"rendered":"<p>&nbsp;<\/p>\n<p>Dwa miesi\u0105ce po wysadzeniu ziemniaka na kolekcji odmianowej Krajowych Dni Pola w Minikowie oraz poletkach z hydro\u017celem wida\u0107 du\u017ce r\u00f3\u017cnice w zaawansowaniu rozwoju pomi\u0119dzy ziemniakami podkie\u0142kowanymi a niepodkie\u0142kowanymi. Wysadzone w dniu 14.04.2021 ziemniaki podkie\u0142kowane (HZ-Zamarte) s\u0105 bardziej zaawansowane w rozwoju w por\u00f3wnaniu do pozosta\u0142ych (fot 1). Szczeg\u00f3lnie okazale wygl\u0105da podkie\u0142kowana odmiana \u2018Gardena\u2019 (fot. 2). W ziemniakach niepodkie\u0142kowanych obserwuje si\u0119 wyra\u017ane r\u00f3\u017cnice wielko\u015bci cz\u0119\u015bci nadziemnej pomi\u0119dzy odmianami (fot. 3).<\/p>\n<p><img loading=\"lazy\" decoding=\"async\" class=\"lazyload alignnone wp-image-6834\" src=\"https:\/\/dnipola.kpodr.pl\/wp-content\/uploads\/2021\/06\/p2.jpg\" data-orig-src=\"https:\/\/dnipola.kpodr.pl\/wp-content\/uploads\/2021\/06\/p2.jpg\" alt=\"\" width=\"299\" height=\"486\" srcset=\"data:image\/svg+xml,%3Csvg%20xmlns%3D%27http%3A%2F%2Fwww.w3.org%2F2000%2Fsvg%27%20width%3D%27299%27%20height%3D%27486%27%20viewBox%3D%270%200%20299%20486%27%3E%3Crect%20width%3D%27299%27%20height%3D%273486%27%20fill-opacity%3D%220%22%2F%3E%3C%2Fsvg%3E\" data-srcset=\"https:\/\/dnipola.kpodr.pl\/wp-content\/uploads\/2021\/06\/p2-185x300.jpg 185w, https:\/\/dnipola.kpodr.pl\/wp-content\/uploads\/2021\/06\/p2-200x324.jpg 200w, https:\/\/dnipola.kpodr.pl\/wp-content\/uploads\/2021\/06\/p2.jpg 376w\" data-sizes=\"auto\" data-orig-sizes=\"auto, (max-width: 299px) 100vw, 299px\" \/>\u00a0 \u00a0 \u00a0 \u00a0 \u00a0\u00a0 <img loading=\"lazy\" decoding=\"async\" class=\"lazyload alignnone wp-image-6833\" src=\"https:\/\/dnipola.kpodr.pl\/wp-content\/uploads\/2021\/06\/p1.jpg\" data-orig-src=\"https:\/\/dnipola.kpodr.pl\/wp-content\/uploads\/2021\/06\/p1.jpg\" alt=\"\" width=\"272\" height=\"483\" srcset=\"data:image\/svg+xml,%3Csvg%20xmlns%3D%27http%3A%2F%2Fwww.w3.org%2F2000%2Fsvg%27%20width%3D%27272%27%20height%3D%27483%27%20viewBox%3D%270%200%20272%20483%27%3E%3Crect%20width%3D%27272%27%20height%3D%273483%27%20fill-opacity%3D%220%22%2F%3E%3C%2Fsvg%3E\" data-srcset=\"https:\/\/dnipola.kpodr.pl\/wp-content\/uploads\/2021\/06\/p1-169x300.jpg 169w, https:\/\/dnipola.kpodr.pl\/wp-content\/uploads\/2021\/06\/p1-200x355.jpg 200w, https:\/\/dnipola.kpodr.pl\/wp-content\/uploads\/2021\/06\/p1.jpg 341w\" data-sizes=\"auto\" data-orig-sizes=\"auto, (max-width: 272px) 100vw, 272px\" \/><\/p>\n<p>Fot. 1 Z lewej odmiany podkie\u0142kowane, z prawej odmiany niepodkie\u0142kowane<\/p>\n<p><img loading=\"lazy\" decoding=\"async\" class=\"lazyload alignnone wp-image-6835\" src=\"https:\/\/dnipola.kpodr.pl\/wp-content\/uploads\/2021\/06\/p3.jpg\" data-orig-src=\"https:\/\/dnipola.kpodr.pl\/wp-content\/uploads\/2021\/06\/p3.jpg\" alt=\"\" width=\"319\" height=\"567\" srcset=\"data:image\/svg+xml,%3Csvg%20xmlns%3D%27http%3A%2F%2Fwww.w3.org%2F2000%2Fsvg%27%20width%3D%27319%27%20height%3D%27567%27%20viewBox%3D%270%200%20319%20567%27%3E%3Crect%20width%3D%27319%27%20height%3D%273567%27%20fill-opacity%3D%220%22%2F%3E%3C%2Fsvg%3E\" data-srcset=\"https:\/\/dnipola.kpodr.pl\/wp-content\/uploads\/2021\/06\/p3-169x300.jpg 169w, https:\/\/dnipola.kpodr.pl\/wp-content\/uploads\/2021\/06\/p3-200x355.jpg 200w, https:\/\/dnipola.kpodr.pl\/wp-content\/uploads\/2021\/06\/p3-400x710.jpg 400w, https:\/\/dnipola.kpodr.pl\/wp-content\/uploads\/2021\/06\/p3.jpg 503w\" data-sizes=\"auto\" data-orig-sizes=\"auto, (max-width: 319px) 100vw, 319px\" \/><\/p>\n<p>Fot. 2 \u2018Gardena\u2019 (HZ Zamarte)<\/p>\n<p><img loading=\"lazy\" decoding=\"async\" class=\"lazyload alignnone wp-image-6836\" src=\"https:\/\/dnipola.kpodr.pl\/wp-content\/uploads\/2021\/06\/p4.jpg\" data-orig-src=\"https:\/\/dnipola.kpodr.pl\/wp-content\/uploads\/2021\/06\/p4.jpg\" alt=\"\" width=\"279\" height=\"496\" srcset=\"data:image\/svg+xml,%3Csvg%20xmlns%3D%27http%3A%2F%2Fwww.w3.org%2F2000%2Fsvg%27%20width%3D%27279%27%20height%3D%27496%27%20viewBox%3D%270%200%20279%20496%27%3E%3Crect%20width%3D%27279%27%20height%3D%273496%27%20fill-opacity%3D%220%22%2F%3E%3C%2Fsvg%3E\" data-srcset=\"https:\/\/dnipola.kpodr.pl\/wp-content\/uploads\/2021\/06\/p4-169x300.jpg 169w, https:\/\/dnipola.kpodr.pl\/wp-content\/uploads\/2021\/06\/p4-200x355.jpg 200w, https:\/\/dnipola.kpodr.pl\/wp-content\/uploads\/2021\/06\/p4-400x710.jpg 400w, https:\/\/dnipola.kpodr.pl\/wp-content\/uploads\/2021\/06\/p4.jpg 435w\" data-sizes=\"auto\" data-orig-sizes=\"auto, (max-width: 279px) 100vw, 279px\" \/>\u00a0 \u00a0 \u00a0 \u00a0 \u00a0 \u00a0 \u00a0 \u00a0 <img loading=\"lazy\" decoding=\"async\" class=\"lazyload alignnone wp-image-6837\" src=\"https:\/\/dnipola.kpodr.pl\/wp-content\/uploads\/2021\/06\/p5.jpg\" data-orig-src=\"https:\/\/dnipola.kpodr.pl\/wp-content\/uploads\/2021\/06\/p5.jpg\" alt=\"\" width=\"279\" height=\"497\" srcset=\"data:image\/svg+xml,%3Csvg%20xmlns%3D%27http%3A%2F%2Fwww.w3.org%2F2000%2Fsvg%27%20width%3D%27279%27%20height%3D%27497%27%20viewBox%3D%270%200%20279%20497%27%3E%3Crect%20width%3D%27279%27%20height%3D%273497%27%20fill-opacity%3D%220%22%2F%3E%3C%2Fsvg%3E\" data-srcset=\"https:\/\/dnipola.kpodr.pl\/wp-content\/uploads\/2021\/06\/p5-169x300.jpg 169w, https:\/\/dnipola.kpodr.pl\/wp-content\/uploads\/2021\/06\/p5-200x355.jpg 200w, https:\/\/dnipola.kpodr.pl\/wp-content\/uploads\/2021\/06\/p5.jpg 435w\" data-sizes=\"auto\" data-orig-sizes=\"auto, (max-width: 279px) 100vw, 279px\" \/><\/p>\n<p>Fot. 3 Z lewej odmiana \u2018Solist\u2019, z prawej odmiana \u2018Magnolia \u2018<\/p>\n<p>Na dzie\u0144 prowadzonych obserwacji, zaawansowanie wzrostu i rozwoju ziemniak\u00f3w na poletkach z aplikacj\u0105 hydro\u017celu by\u0142o podobne do obserwowanego na obiektach bez hydro\u017celu (fot. 4). Jednak gleba z dodatkiem hydro\u017celu jest mniej sucha i zbita. Ze wzgl\u0119du na brak opad\u00f3w w dniu dzisiejszym tj. 09.06.2021 uruchomiono deszczowni\u0119, kt\u00f3ra zaopatrzy ro\u015bliny w wod\u0119 zgodnie z ich potrzebami w danej fazie wzrostu i rozwoju. Ziemniaki b\u0119d\u0105 deszczowane na kolekcji odmianowej Krajowych Dni Pola.<\/p>\n<p><img loading=\"lazy\" decoding=\"async\" class=\"lazyload alignnone wp-image-6838\" src=\"https:\/\/dnipola.kpodr.pl\/wp-content\/uploads\/2021\/06\/p6.jpg\" data-orig-src=\"https:\/\/dnipola.kpodr.pl\/wp-content\/uploads\/2021\/06\/p6.jpg\" alt=\"\" width=\"353\" height=\"624\" srcset=\"data:image\/svg+xml,%3Csvg%20xmlns%3D%27http%3A%2F%2Fwww.w3.org%2F2000%2Fsvg%27%20width%3D%27353%27%20height%3D%27624%27%20viewBox%3D%270%200%20353%20624%27%3E%3Crect%20width%3D%27353%27%20height%3D%273624%27%20fill-opacity%3D%220%22%2F%3E%3C%2Fsvg%3E\" data-srcset=\"https:\/\/dnipola.kpodr.pl\/wp-content\/uploads\/2021\/06\/p6-170x300.jpg 170w, https:\/\/dnipola.kpodr.pl\/wp-content\/uploads\/2021\/06\/p6-200x353.jpg 200w, https:\/\/dnipola.kpodr.pl\/wp-content\/uploads\/2021\/06\/p6-400x707.jpg 400w, https:\/\/dnipola.kpodr.pl\/wp-content\/uploads\/2021\/06\/p6.jpg 540w\" data-sizes=\"auto\" data-orig-sizes=\"auto, (max-width: 353px) 100vw, 353px\" \/><\/p>\n<p>Fot. 4 Ziemniaki posadzone na glebie z dodatkiem i bez hydro\u017celu<\/p>\n<p>Na wszystkich odmianach ziemniak\u00f3w zaobserwowano wyst\u0119powanie stonki ziemniaczanej (<em>Leptinotarsa decemlineata<\/em>) (fot. 5). <strong>Zwalczanie stonki ziemniaczanej<\/strong> wymaga u\u017cycia insektycyd\u00f3w. Oprysk przeciwko stonce ziemniaczanej na wszystkich wysadzonych odmianach wykonano w dniu 10.06.2021 \u015brodkiem o dzia\u0142aniu kontaktowym i uk\u0142adowym Coragen 200SC w ilo\u015bci 0,0625 g \u2219ha<sup>-1<\/sup> (na bazie substancji aktywnej chlorantraniliprol-\u00a0 zwi\u0105zek z grupy antranilowych diamid\u00f3w). Dodatkowo w dniu 10.06.2021 wykonano oprysk na zaraz\u0119 ziemniak fungicydem Ridomil Gold MZ Pepite 67.8 WG (na bazie substancji czynnej metalksy-M, mankozeb) w ilo\u015bci 2,5 kg \u2219ha<sup>-1<\/sup>.<\/p>\n<p><img loading=\"lazy\" decoding=\"async\" class=\"lazyload alignnone wp-image-6839\" src=\"https:\/\/dnipola.kpodr.pl\/wp-content\/uploads\/2021\/06\/p7.jpg\" data-orig-src=\"https:\/\/dnipola.kpodr.pl\/wp-content\/uploads\/2021\/06\/p7.jpg\" alt=\"\" width=\"386\" height=\"685\" srcset=\"data:image\/svg+xml,%3Csvg%20xmlns%3D%27http%3A%2F%2Fwww.w3.org%2F2000%2Fsvg%27%20width%3D%27386%27%20height%3D%27685%27%20viewBox%3D%270%200%20386%20685%27%3E%3Crect%20width%3D%27386%27%20height%3D%273685%27%20fill-opacity%3D%220%22%2F%3E%3C%2Fsvg%3E\" data-srcset=\"https:\/\/dnipola.kpodr.pl\/wp-content\/uploads\/2021\/06\/p7-169x300.jpg 169w, https:\/\/dnipola.kpodr.pl\/wp-content\/uploads\/2021\/06\/p7-200x355.jpg 200w, https:\/\/dnipola.kpodr.pl\/wp-content\/uploads\/2021\/06\/p7-400x710.jpg 400w, https:\/\/dnipola.kpodr.pl\/wp-content\/uploads\/2021\/06\/p7.jpg 558w\" data-sizes=\"auto\" data-orig-sizes=\"auto, (max-width: 386px) 100vw, 386px\" \/><\/p>\n<p>Fot. 5 Ziemniaki zaatakowane stonk\u0105 ziemniaczan\u0105<\/p>\n<p>Stwierdzono, \u017ce odmiana \u2018Tonacja\u2019 ma s\u0142abe wschody, zar\u00f3wno na kolekcji jak i w pasie z hydro\u017celem (fot. 6). Powodem s\u0142abych wschod\u00f3w mo\u017ce by\u0107 stwierdzona s\u0142aba kondycja sadzeniaka (wyst\u0119powanie zgnilizny).<\/p>\n<p><img loading=\"lazy\" decoding=\"async\" class=\"lazyload alignnone wp-image-6840\" src=\"https:\/\/dnipola.kpodr.pl\/wp-content\/uploads\/2021\/06\/p8.jpg\" data-orig-src=\"https:\/\/dnipola.kpodr.pl\/wp-content\/uploads\/2021\/06\/p8.jpg\" alt=\"\" width=\"388\" height=\"689\" srcset=\"data:image\/svg+xml,%3Csvg%20xmlns%3D%27http%3A%2F%2Fwww.w3.org%2F2000%2Fsvg%27%20width%3D%27388%27%20height%3D%27689%27%20viewBox%3D%270%200%20388%20689%27%3E%3Crect%20width%3D%27388%27%20height%3D%273689%27%20fill-opacity%3D%220%22%2F%3E%3C%2Fsvg%3E\" data-srcset=\"https:\/\/dnipola.kpodr.pl\/wp-content\/uploads\/2021\/06\/p8-169x300.jpg 169w, https:\/\/dnipola.kpodr.pl\/wp-content\/uploads\/2021\/06\/p8-200x355.jpg 200w, https:\/\/dnipola.kpodr.pl\/wp-content\/uploads\/2021\/06\/p8-400x710.jpg 400w, https:\/\/dnipola.kpodr.pl\/wp-content\/uploads\/2021\/06\/p8.jpg 422w\" data-sizes=\"auto\" data-orig-sizes=\"auto, (max-width: 388px) 100vw, 388px\" \/>\u00a0 \u00a0 \u00a0 \u00a0<img loading=\"lazy\" decoding=\"async\" class=\"lazyload alignnone wp-image-6841\" src=\"https:\/\/dnipola.kpodr.pl\/wp-content\/uploads\/2021\/06\/p9.jpg\" data-orig-src=\"https:\/\/dnipola.kpodr.pl\/wp-content\/uploads\/2021\/06\/p9.jpg\" alt=\"\" width=\"388\" height=\"689\" srcset=\"data:image\/svg+xml,%3Csvg%20xmlns%3D%27http%3A%2F%2Fwww.w3.org%2F2000%2Fsvg%27%20width%3D%27388%27%20height%3D%27689%27%20viewBox%3D%270%200%20388%20689%27%3E%3Crect%20width%3D%27388%27%20height%3D%273689%27%20fill-opacity%3D%220%22%2F%3E%3C%2Fsvg%3E\" data-srcset=\"https:\/\/dnipola.kpodr.pl\/wp-content\/uploads\/2021\/06\/p9-169x300.jpg 169w, https:\/\/dnipola.kpodr.pl\/wp-content\/uploads\/2021\/06\/p9-200x355.jpg 200w, https:\/\/dnipola.kpodr.pl\/wp-content\/uploads\/2021\/06\/p9-400x711.jpg 400w, https:\/\/dnipola.kpodr.pl\/wp-content\/uploads\/2021\/06\/p9.jpg 426w\" data-sizes=\"auto\" data-orig-sizes=\"auto, (max-width: 388px) 100vw, 388px\" \/><\/p>\n<p>Fot. 6 Odmiana \u2018Tonacja\u2019<\/p>\n<p>Na dzie\u0144 09.06.2021 nie stwierdzono zachwaszczenia. Wykonanie doglebowego zabiegu herbicydowego przed wschodami preparatem Bandur 600 SC (na bazie aklonifenu) w ilo\u015bci 3l\u2219ha<sup>-1<\/sup> okaza\u0142 si\u0119 bardzo skuteczny.<\/p>\n<p>&nbsp;<\/p>\n<p>&nbsp;<\/p>\n<p>&nbsp;<\/p>\n<p>dr hab. in\u017c. Jaros\u0142aw Pobere\u017cny<\/p>\n<p>dr hab. in\u017c. El\u017cbieta Wszelaczy\u0144ska<\/p>\n<ol>\n<li>in\u017c. Katarzyna Go\u015bcinna<\/li>\n<\/ol>\n","protected":false},"excerpt":{"rendered":"<p>&nbsp; Dwa miesi\u0105ce po wysadzeniu ziemniaka na kolekcji odmianowej Krajowych Dni Pola w Minikowie oraz poletkach z hydro\u017celem wida\u0107 du\u017ce r\u00f3\u017cnice w zaawansowaniu rozwoju pomi\u0119dzy ziemniakami podkie\u0142kowanymi a niepodkie\u0142kowanymi. Wysadzone w dniu 14.04.2021 ziemniaki podkie\u0142kowane (HZ-Zamarte) s\u0105 bardziej zaawansowane w rozwoju w por\u00f3wnaniu do pozosta\u0142ych (fot 1). Szczeg\u00f3lnie okazale wygl\u0105da podkie\u0142kowana odmiana \u2018Gardena\u2019 (fot. [&hellip;]<\/p>\n","protected":false},"author":7,"featured_media":6839,"comment_status":"closed","ping_status":"closed","sticky":false,"template":"","format":"standard","meta":{"_monsterinsights_skip_tracking":false,"_monsterinsights_sitenote_active":false,"_monsterinsights_sitenote_note":"","_monsterinsights_sitenote_category":0,"footnotes":""},"categories":[32],"tags":[],"class_list":["post-6832","post","type-post","status-publish","format-standard","has-post-thumbnail","hentry","category-ziemniaki"],"_links":{"self":[{"href":"https:\/\/dnipola.kpodr.pl\/index.php?rest_route=\/wp\/v2\/posts\/6832","targetHints":{"allow":["GET"]}}],"collection":[{"href":"https:\/\/dnipola.kpodr.pl\/index.php?rest_route=\/wp\/v2\/posts"}],"about":[{"href":"https:\/\/dnipola.kpodr.pl\/index.php?rest_route=\/wp\/v2\/types\/post"}],"author":[{"embeddable":true,"href":"https:\/\/dnipola.kpodr.pl\/index.php?rest_route=\/wp\/v2\/users\/7"}],"replies":[{"embeddable":true,"href":"https:\/\/dnipola.kpodr.pl\/index.php?rest_route=%2Fwp%2Fv2%2Fcomments&post=6832"}],"version-history":[{"count":2,"href":"https:\/\/dnipola.kpodr.pl\/index.php?rest_route=\/wp\/v2\/posts\/6832\/revisions"}],"predecessor-version":[{"id":6843,"href":"https:\/\/dnipola.kpodr.pl\/index.php?rest_route=\/wp\/v2\/posts\/6832\/revisions\/6843"}],"wp:featuredmedia":[{"embeddable":true,"href":"https:\/\/dnipola.kpodr.pl\/index.php?rest_route=\/wp\/v2\/media\/6839"}],"wp:attachment":[{"href":"https:\/\/dnipola.kpodr.pl\/index.php?rest_route=%2Fwp%2Fv2%2Fmedia&parent=6832"}],"wp:term":[{"taxonomy":"category","embeddable":true,"href":"https:\/\/dnipola.kpodr.pl\/index.php?rest_route=%2Fwp%2Fv2%2Fcategories&post=6832"},{"taxonomy":"post_tag","embeddable":true,"href":"https:\/\/dnipola.kpodr.pl\/index.php?rest_route=%2Fwp%2Fv2%2Ftags&post=6832"}],"curies":[{"name":"wp","href":"https:\/\/api.w.org\/{rel}","templated":true}]}}