{"id":6860,"date":"2021-06-11T15:21:09","date_gmt":"2021-06-11T13:21:09","guid":{"rendered":"https:\/\/dnipola.kpodr.pl\/?p=6860"},"modified":"2021-06-11T15:23:19","modified_gmt":"2021-06-11T13:23:19","slug":"polski-zwiazek-producentow-kukurydzy-zaprasza-w-ramach-krajowych-dni-pola-w-minikowie","status":"publish","type":"post","link":"https:\/\/dnipola.kpodr.pl\/?p=6860","title":{"rendered":"Polski Zwi\u0105zek Producent\u00f3w Kukurydzy zaprasza w ramach Krajowych Dni Pola w Minikowie"},"content":{"rendered":"<p><img loading=\"lazy\" decoding=\"async\" class=\"lazyload wp-image-6861 aligncenter\" src=\"https:\/\/dnipola.kpodr.pl\/wp-content\/uploads\/2021\/06\/baner-nr-2-002-scaled.jpg\" data-orig-src=\"https:\/\/dnipola.kpodr.pl\/wp-content\/uploads\/2021\/06\/baner-nr-2-002-scaled.jpg\" alt=\"\" width=\"471\" height=\"1105\" srcset=\"data:image\/svg+xml,%3Csvg%20xmlns%3D%27http%3A%2F%2Fwww.w3.org%2F2000%2Fsvg%27%20width%3D%27471%27%20height%3D%271105%27%20viewBox%3D%270%200%20471%201105%27%3E%3Crect%20width%3D%27471%27%20height%3D%2731105%27%20fill-opacity%3D%220%22%2F%3E%3C%2Fsvg%3E\" data-srcset=\"https:\/\/dnipola.kpodr.pl\/wp-content\/uploads\/2021\/06\/baner-nr-2-002-128x300.jpg 128w, https:\/\/dnipola.kpodr.pl\/wp-content\/uploads\/2021\/06\/baner-nr-2-002-200x469.jpg 200w, https:\/\/dnipola.kpodr.pl\/wp-content\/uploads\/2021\/06\/baner-nr-2-002-400x939.jpg 400w, https:\/\/dnipola.kpodr.pl\/wp-content\/uploads\/2021\/06\/baner-nr-2-002-436x1024.jpg 436w, https:\/\/dnipola.kpodr.pl\/wp-content\/uploads\/2021\/06\/baner-nr-2-002-600x1408.jpg 600w, https:\/\/dnipola.kpodr.pl\/wp-content\/uploads\/2021\/06\/baner-nr-2-002-655x1536.jpg 655w, https:\/\/dnipola.kpodr.pl\/wp-content\/uploads\/2021\/06\/baner-nr-2-002-768x1802.jpg 768w, https:\/\/dnipola.kpodr.pl\/wp-content\/uploads\/2021\/06\/baner-nr-2-002-800x1877.jpg 800w, https:\/\/dnipola.kpodr.pl\/wp-content\/uploads\/2021\/06\/baner-nr-2-002-873x2048.jpg 873w, https:\/\/dnipola.kpodr.pl\/wp-content\/uploads\/2021\/06\/baner-nr-2-002-scaled.jpg 1091w, https:\/\/dnipola.kpodr.pl\/wp-content\/uploads\/2021\/06\/baner-nr-2-002-1200x2816.jpg 1200w\" data-sizes=\"auto\" data-orig-sizes=\"auto, (max-width: 471px) 100vw, 471px\" \/><\/p>\n<p style=\"text-align: center;\">Polski Zwi\u0105zek Producent\u00f3w Kukurydzy zaprasza w ramach Krajowych Dni Pola w Minikowie w dniach 19-20.06.2021 \u00a0na stoisko \u00a0promuj\u0105ce \u00a0upraw\u0119 i wykorzystanie ziarna kukurydzy dla cel\u00f3w spo\u017cywczych<\/p>\n<p style=\"text-align: center;\">Promocja odbywa\u0107 \u00a0si\u0119 b\u0119dzie w ramach programu finansowanego z Funduszu Promocji Ziarna Zb\u00f3\u017c i Przetwor\u00f3w Zbo\u017cowych.<\/p>\n","protected":false},"excerpt":{"rendered":"<p>Polski Zwi\u0105zek Producent\u00f3w Kukurydzy zaprasza w ramach Krajowych Dni Pola w Minikowie w dniach 19-20.06.2021 \u00a0na stoisko \u00a0promuj\u0105ce \u00a0upraw\u0119 i wykorzystanie ziarna kukurydzy dla cel\u00f3w spo\u017cywczych Promocja odbywa\u0107 \u00a0si\u0119 b\u0119dzie w ramach programu finansowanego z Funduszu Promocji Ziarna Zb\u00f3\u017c i Przetwor\u00f3w Zbo\u017cowych.<\/p>\n","protected":false},"author":7,"featured_media":6861,"comment_status":"closed","ping_status":"closed","sticky":false,"template":"","format":"standard","meta":{"_monsterinsights_skip_tracking":false,"_monsterinsights_sitenote_active":false,"_monsterinsights_sitenote_note":"","_monsterinsights_sitenote_category":0,"footnotes":""},"categories":[1],"tags":[],"class_list":["post-6860","post","type-post","status-publish","format-standard","has-post-thumbnail","hentry","category-aktualnosci"],"_links":{"self":[{"href":"https:\/\/dnipola.kpodr.pl\/index.php?rest_route=\/wp\/v2\/posts\/6860","targetHints":{"allow":["GET"]}}],"collection":[{"href":"https:\/\/dnipola.kpodr.pl\/index.php?rest_route=\/wp\/v2\/posts"}],"about":[{"href":"https:\/\/dnipola.kpodr.pl\/index.php?rest_route=\/wp\/v2\/types\/post"}],"author":[{"embeddable":true,"href":"https:\/\/dnipola.kpodr.pl\/index.php?rest_route=\/wp\/v2\/users\/7"}],"replies":[{"embeddable":true,"href":"https:\/\/dnipola.kpodr.pl\/index.php?rest_route=%2Fwp%2Fv2%2Fcomments&post=6860"}],"version-history":[{"count":2,"href":"https:\/\/dnipola.kpodr.pl\/index.php?rest_route=\/wp\/v2\/posts\/6860\/revisions"}],"predecessor-version":[{"id":6863,"href":"https:\/\/dnipola.kpodr.pl\/index.php?rest_route=\/wp\/v2\/posts\/6860\/revisions\/6863"}],"wp:featuredmedia":[{"embeddable":true,"href":"https:\/\/dnipola.kpodr.pl\/index.php?rest_route=\/wp\/v2\/media\/6861"}],"wp:attachment":[{"href":"https:\/\/dnipola.kpodr.pl\/index.php?rest_route=%2Fwp%2Fv2%2Fmedia&parent=6860"}],"wp:term":[{"taxonomy":"category","embeddable":true,"href":"https:\/\/dnipola.kpodr.pl\/index.php?rest_route=%2Fwp%2Fv2%2Fcategories&post=6860"},{"taxonomy":"post_tag","embeddable":true,"href":"https:\/\/dnipola.kpodr.pl\/index.php?rest_route=%2Fwp%2Fv2%2Ftags&post=6860"}],"curies":[{"name":"wp","href":"https:\/\/api.w.org\/{rel}","templated":true}]}}