{"id":6900,"date":"2021-06-17T14:37:47","date_gmt":"2021-06-17T12:37:47","guid":{"rendered":"https:\/\/dnipola.kpodr.pl\/?p=6900"},"modified":"2021-06-17T14:37:47","modified_gmt":"2021-06-17T12:37:47","slug":"mazowieckie-dni-rolnictwa-inne-niz-zwykle","status":"publish","type":"post","link":"https:\/\/dnipola.kpodr.pl\/?p=6900","title":{"rendered":"Mazowieckie Dni Rolnictwa inne ni\u017c zwykle!"},"content":{"rendered":"<p>&nbsp;<\/p>\n<p><em>XXI Mazowieckie Dni Rolnictwa<\/em>\u00a0odby\u0142y si\u0119 13 czerwca na terenie MODR Oddzia\u0142 Po\u015bwi\u0119tne w P\u0142o\u0144sku i by\u0142y jedn\u0105 z wielu imprez towarzysz\u0105cych\u00a0<em>Krajowym Dniom Pola<\/em>. Ze wzgl\u0119du na pandemi\u0119, mia\u0142y wyj\u0105tkowy charakter, poniewa\u017c odby\u0142y si\u0119 bez cz\u0119\u015bci wystawienniczo targowej, a wszystkie dzia\u0142ania z udzia\u0142em zainteresowanych odbywa\u0142y si\u0119 na polu do\u015bwiadczalnym.<\/p>\n<p>Pomimo wietrznej pogody, frekwencja dopisa\u0142a. Po\u015bwi\u0119ckie pole odwiedzi\u0142o blisko 2 tysi\u0105ce zwiedzaj\u0105cych, kt\u00f3rzy wyczekiwali dnia, kiedy b\u0119d\u0105 mieli mo\u017cliwo\u015b\u0107 zobaczy\u0107, co dzieje si\u0119 na poletkach. A by\u0142o na co czeka\u0107, poniewa\u017c w tym roku zaprezentowano kolekcje odmian z 22 gatunkami ro\u015blin uprawnych (361 odmian), 5 do\u015bwiadcze\u0144 \u015bcis\u0142ych Porejestrowego Do\u015bwiadczalnictwa Odmianowego (pszenica ozima, pszenica jara, j\u0119czmie\u0144 ozimy, j\u0119czmie\u0144 jary, kukurydza na ziarno) na 467 poletkach, a tak\u017ce niechemiczne metody zwalczania agrofag\u00f3w na przyk\u0142adzie mechanicznego zwalczania chwast\u00f3w w uprawie ziemniaka jadalnego, prezentacje technologii uprawy ro\u015blin uwzgl\u0119dniaj\u0105ce zr\u00f3wnowa\u017cone nawo\u017cenie w oparciu o opracowane plany nawo\u017cenia oraz prezentacje technologii ochrony ro\u015blin w oparciu o prowadzony monitoring wyst\u0119powania agrofag\u00f3w.<\/p>\n<p><strong>Krajowe Dni Pola<\/strong><\/p>\n<p>Warto doda\u0107, \u017ce\u00a0<em>Krajowe Dni Pola<\/em>\u00a0w tym roku, 19 i 20 czerwca 2021 r., organizuje Kujawsko-Pomorski O\u015brodek Doradztwa Rolniczego w Minikowie. Wydarzenie jest wsp\u00f3lnym przedsi\u0119wzi\u0119ciem Kujawsko-Pomorskiego O\u015brodka Doradztwa Rolniczego w Minikowie, Uniwersytetu Technologiczno-Przyrodniczego w Bydgoszczy, Stacji Do\u015bwiadczalnej Oceny Odmian w Chrz\u0105stowie (COBORU) oraz Polskiej Izby Nasiennej.<\/p>\n<p>Patronat i rozbudowany udzia\u0142 w wydarzeniu zadeklarowa\u0142 r\u00f3wnie\u017c Minister Rolnictwa i Rozwoju Wsi.<\/p>\n<p><strong>W przysz\u0142ym roku organizacji tej ogromnej imprezy podejmie si\u0119 MODR Warszawa.<\/strong><\/p>\n<p><em>Krajowe Dni Pola<\/em>\u00a0to unikalne w skali kraju wydarzenie, inspirowane ch\u0119ci\u0105 prezentacji w jednym miejscu bogatej oferty firm zaopatruj\u0105cych polskie rolnictwo w \u015brodki do produkcji polowej. Prezentacja Pola do\u015bwiadczalnego MODR Oddzia\u0142 Po\u015bwi\u0119tne w P\u0142o\u0144sku od 98 lat prowadzi do\u015bwiadczenia polowe. Jest to efekt zaanga\u017cowania pracownik\u00f3w Dzia\u0142u Technologii Produkcji Rolniczej i Do\u015bwiadczalnictwa.<\/p>\n<p>Zainteresowani uprawami ro\u015blin rolniczych otrzymali bezp\u0142atnie szkic \u201ePola do\u015bwiadczalnego\u201d, kt\u00f3ry zosta\u0142 opracowany przez pracownik\u00f3w MODR\u00a0 Oddzia\u0142 Po\u015bwi\u0119tne. Szczeg\u00f3\u0142owe informacje na temat prac prowadzonych na polu zamieszczone s\u0105 na stronie internetowej\u00a0<a href=\"http:\/\/www.modr.mazowsze.pl\/\">www.modr.mazowsze.pl\u00a0<\/a>w zak\u0142adce Pole do\u015bwiadczalne. Zawarte informacje o wykonanych zabiegach agrotechnicznych, charakterystyki odmian i wiele innych wiadomo\u015bci s\u0105 cenn\u0105 wskaz\u00f3wk\u0105 w codziennej pracy rolnika.<\/p>\n<p>W czasie\u00a0<em>XXI MDR<\/em>, rolnicy mieli okazj\u0119 zobaczy\u0107 na naszym polu odmiany lokalne i regionalne, kt\u00f3re mog\u0105 by\u0107 skutecznym narz\u0119dziem konkurencji gospodarczej stanowi\u0105c jednocze\u015bnie \u017ar\u00f3d\u0142o dziedzictwa biologicznego, spo\u0142ecznego i kulturowego. Jest to projekt AGROBANKU pt. \u201eStworzenie bioinformatycznego systemu zarz\u0105dzania narodowymi zasobami genowymi ro\u015blin u\u017cytkowych oraz rozw\u00f3j kapita\u0142u spo\u0142ecznego i gospodarczego Polski poprzez ochron\u0119 i wykorzystanie tych zasob\u00f3w w procesie \u015bwiadczenia us\u0142ug doradztwa rolniczego\u201d. Zachowanie tych odmian odgrywa wa\u017cn\u0105 rol\u0119 w zapewnianiu w d\u0142u\u017cszej perspektywie bezpiecze\u0144stwa \u017cywno\u015bciowego kraju oraz jest chronionym i nadzorowanym przez pa\u0144stwo dobrem narodowym. Ma to szczeg\u00f3lne znaczenie dla produkcji rolniczej w warunkach post\u0119puj\u0105cych zmian klimatycznych.<\/p>\n<p>Wi\u0119cej na temat projektu mo\u017cna przeczyta\u0107 na stronie\u00a0<a href=\"https:\/\/www.cdr.gov.pl\/projekty-i-wspolpraca\/projekty-krajowe\/121-projekty-i-instytucje-wspolpracujace\/agrobank\">https:\/\/www.cdr.gov.pl\/projekty-i-wspolpraca\/projekty-krajowe\/121-projekty-i-instytucje-wspolpracujace\/agrobank<\/a><\/p>\n<p>Podczas targ\u00f3w przy poletkach do\u015bwiadczalnych firmy wsp\u00f3\u0142pracuj\u0105ce i doradcy MODR informowali o zastosowanych zabiegach i dotychczasowych efektach uprawy.\u00a0<em>Mazowieckie Dni Rolnictwa<\/em>\u00a0to r\u00f3wnie\u017c stanowiska doradczo-informacyjne oraz plac\u00f3wek naukowych i firm pracuj\u0105cych na rzecz sektora rolniczego. W bie\u017c\u0105cym roku by\u0142a to liczba ponad 30 stoisk. Wielu rolnik\u00f3w chcia\u0142o uzyska\u0107 bardzo szczeg\u00f3\u0142owe informacje o mo\u017cliwo\u015bciach pozyskania \u015brodk\u00f3w z dzia\u0142a\u0144 PROW. Najcz\u0119\u015bciej pytano o warunki uzyskania pomocy na dzia\u0142ania Modernizacja gospodarstw rolnych, Restrukturyzacja ma\u0142ych gospodarstw, Premia dla m\u0142odych rolnik\u00f3w. Zainteresowanie wzbudza\u0142 tak\u017ce Program regeneracji gleb poprzez wapnowanie, kt\u00f3ry jest prowadzony od 2019 roku.\u00a0<em>Mazowieckie Dni Rolnictwa<\/em>\u00a0to nie jedyna okazja do odwiedzania poletek do\u015bwiadczalnych.<\/p>\n<p style=\"text-align: center;\"><strong>UWAGA!<\/strong><\/p>\n<p style=\"text-align: center;\"><strong>Przez ca\u0142y czerwiec zapraszamy zainteresowanych do zwiedzania pola do\u015bwiadczalnego w towarzystwie doradc\u00f3w MODR Oddzia\u0142 Po\u015bwi\u0119tne.<\/strong><\/p>\n<p>&nbsp;<\/p>\n","protected":false},"excerpt":{"rendered":"<p>&nbsp; XXI Mazowieckie Dni Rolnictwa\u00a0odby\u0142y si\u0119 13 czerwca na terenie MODR Oddzia\u0142 Po\u015bwi\u0119tne w P\u0142o\u0144sku i by\u0142y jedn\u0105 z wielu imprez towarzysz\u0105cych\u00a0Krajowym Dniom Pola. Ze wzgl\u0119du na pandemi\u0119, mia\u0142y wyj\u0105tkowy charakter, poniewa\u017c odby\u0142y si\u0119 bez cz\u0119\u015bci wystawienniczo targowej, a wszystkie dzia\u0142ania z udzia\u0142em zainteresowanych odbywa\u0142y si\u0119 na polu do\u015bwiadczalnym. Pomimo wietrznej pogody, frekwencja dopisa\u0142a. [&hellip;]<\/p>\n","protected":false},"author":7,"featured_media":6901,"comment_status":"closed","ping_status":"closed","sticky":false,"template":"","format":"standard","meta":{"_monsterinsights_skip_tracking":false,"_monsterinsights_sitenote_active":false,"_monsterinsights_sitenote_note":"","_monsterinsights_sitenote_category":0,"footnotes":""},"categories":[39,43],"tags":[],"class_list":["post-6900","post","type-post","status-publish","format-standard","has-post-thumbnail","hentry","category-imprezy-towarzyszace","category-relacje-z-imprez-towarzyszacych"],"_links":{"self":[{"href":"https:\/\/dnipola.kpodr.pl\/index.php?rest_route=\/wp\/v2\/posts\/6900","targetHints":{"allow":["GET"]}}],"collection":[{"href":"https:\/\/dnipola.kpodr.pl\/index.php?rest_route=\/wp\/v2\/posts"}],"about":[{"href":"https:\/\/dnipola.kpodr.pl\/index.php?rest_route=\/wp\/v2\/types\/post"}],"author":[{"embeddable":true,"href":"https:\/\/dnipola.kpodr.pl\/index.php?rest_route=\/wp\/v2\/users\/7"}],"replies":[{"embeddable":true,"href":"https:\/\/dnipola.kpodr.pl\/index.php?rest_route=%2Fwp%2Fv2%2Fcomments&post=6900"}],"version-history":[{"count":1,"href":"https:\/\/dnipola.kpodr.pl\/index.php?rest_route=\/wp\/v2\/posts\/6900\/revisions"}],"predecessor-version":[{"id":6902,"href":"https:\/\/dnipola.kpodr.pl\/index.php?rest_route=\/wp\/v2\/posts\/6900\/revisions\/6902"}],"wp:featuredmedia":[{"embeddable":true,"href":"https:\/\/dnipola.kpodr.pl\/index.php?rest_route=\/wp\/v2\/media\/6901"}],"wp:attachment":[{"href":"https:\/\/dnipola.kpodr.pl\/index.php?rest_route=%2Fwp%2Fv2%2Fmedia&parent=6900"}],"wp:term":[{"taxonomy":"category","embeddable":true,"href":"https:\/\/dnipola.kpodr.pl\/index.php?rest_route=%2Fwp%2Fv2%2Fcategories&post=6900"},{"taxonomy":"post_tag","embeddable":true,"href":"https:\/\/dnipola.kpodr.pl\/index.php?rest_route=%2Fwp%2Fv2%2Ftags&post=6900"}],"curies":[{"name":"wp","href":"https:\/\/api.w.org\/{rel}","templated":true}]}}