{"id":7345,"date":"2022-05-24T00:03:05","date_gmt":"2022-05-23T22:03:05","guid":{"rendered":"https:\/\/dnipola.kpodr.pl\/?p=7345"},"modified":"2022-05-24T00:05:11","modified_gmt":"2022-05-23T22:05:11","slug":"sytuacja-hydro-meteorologiczna-na-polach-w-minikowie","status":"publish","type":"post","link":"https:\/\/dnipola.kpodr.pl\/?p=7345","title":{"rendered":"Sytuacja hydro-meteorologiczna na polach w Minikowie"},"content":{"rendered":"<p style=\"text-align: center;\"><span class=\"style-scope yt-formatted-string bold\" dir=\"auto\"><br \/>\n23 maj 2022<\/span> <span class=\"style-scope yt-formatted-string\" dir=\"auto\">Relacja z pola dotycz\u0105ca monitoringu wilgotno\u015bci i planowania nawodnie\u0144 na kolekcji Kujawsko-Pomorskich Dni Pola.<br \/>\n<\/span><span class=\"style-scope yt-formatted-string\" dir=\"auto\">W ramach relacji omawiamy sytuacj\u0119 hydro-meteorologiczn\u0105 panuj\u0105c\u0105 na kolekcji oraz prezentujemy informacj\u0119 nt. planowanych i realizowanych nawodnie\u0144.<\/span><\/p>\n<div class=\"video-shortcode\"><iframe loading=\"lazy\" title=\"Kujawsko-Pomorskie Dni Pola 2022 \u2013 Sytuacja hydro-meteorologiczna na polach w Minikowie.\" width=\"1400\" height=\"788\" src=\"https:\/\/www.youtube.com\/embed\/zcCsLfXxAZ8?feature=oembed\" frameborder=\"0\" allow=\"accelerometer; autoplay; clipboard-write; encrypted-media; gyroscope; picture-in-picture\" allowfullscreen><\/iframe><\/div>\n<p>&nbsp;<\/p>\n","protected":false},"excerpt":{"rendered":"<p>23 maj 2022 Relacja z pola dotycz\u0105ca monitoringu wilgotno\u015bci i planowania nawodnie\u0144 na kolekcji Kujawsko-Pomorskich Dni Pola. W ramach relacji omawiamy sytuacj\u0119 hydro-meteorologiczn\u0105 panuj\u0105c\u0105 na kolekcji oraz prezentujemy informacj\u0119 nt. planowanych i realizowanych nawodnie\u0144. &nbsp;<\/p>\n","protected":false},"author":7,"featured_media":7349,"comment_status":"closed","ping_status":"closed","sticky":false,"template":"","format":"standard","meta":{"_monsterinsights_skip_tracking":false,"_monsterinsights_sitenote_active":false,"_monsterinsights_sitenote_note":"","_monsterinsights_sitenote_category":0,"footnotes":""},"categories":[31,34,21,28,32],"tags":[],"class_list":["post-7345","post","type-post","status-publish","format-standard","has-post-thumbnail","hentry","category-buraki","category-kukurydza","category-rzepak","category-zboza-jare","category-ziemniaki"],"_links":{"self":[{"href":"https:\/\/dnipola.kpodr.pl\/index.php?rest_route=\/wp\/v2\/posts\/7345","targetHints":{"allow":["GET"]}}],"collection":[{"href":"https:\/\/dnipola.kpodr.pl\/index.php?rest_route=\/wp\/v2\/posts"}],"about":[{"href":"https:\/\/dnipola.kpodr.pl\/index.php?rest_route=\/wp\/v2\/types\/post"}],"author":[{"embeddable":true,"href":"https:\/\/dnipola.kpodr.pl\/index.php?rest_route=\/wp\/v2\/users\/7"}],"replies":[{"embeddable":true,"href":"https:\/\/dnipola.kpodr.pl\/index.php?rest_route=%2Fwp%2Fv2%2Fcomments&post=7345"}],"version-history":[{"count":3,"href":"https:\/\/dnipola.kpodr.pl\/index.php?rest_route=\/wp\/v2\/posts\/7345\/revisions"}],"predecessor-version":[{"id":7351,"href":"https:\/\/dnipola.kpodr.pl\/index.php?rest_route=\/wp\/v2\/posts\/7345\/revisions\/7351"}],"wp:featuredmedia":[{"embeddable":true,"href":"https:\/\/dnipola.kpodr.pl\/index.php?rest_route=\/wp\/v2\/media\/7349"}],"wp:attachment":[{"href":"https:\/\/dnipola.kpodr.pl\/index.php?rest_route=%2Fwp%2Fv2%2Fmedia&parent=7345"}],"wp:term":[{"taxonomy":"category","embeddable":true,"href":"https:\/\/dnipola.kpodr.pl\/index.php?rest_route=%2Fwp%2Fv2%2Fcategories&post=7345"},{"taxonomy":"post_tag","embeddable":true,"href":"https:\/\/dnipola.kpodr.pl\/index.php?rest_route=%2Fwp%2Fv2%2Ftags&post=7345"}],"curies":[{"name":"wp","href":"https:\/\/api.w.org\/{rel}","templated":true}]}}