{"id":7947,"date":"2023-08-18T12:58:59","date_gmt":"2023-08-18T10:58:59","guid":{"rendered":"https:\/\/dnipola.kpodr.pl\/?p=7947"},"modified":"2023-10-31T11:37:53","modified_gmt":"2023-10-31T10:37:53","slug":"dzien-kukurydzy","status":"publish","type":"post","link":"https:\/\/dnipola.kpodr.pl\/?p=7947","title":{"rendered":"Dzie\u0144 KUKURYDZY w Minikowie, 12 wrze\u015bnia 2023 r. w Minikowie"},"content":{"rendered":"<h1><img loading=\"lazy\" decoding=\"async\" class=\"lazyload size-full wp-image-7962 aligncenter\" src=\"https:\/\/dnipola.kpodr.pl\/wp-content\/uploads\/2023\/10\/gafika.png\" data-orig-src=\"https:\/\/dnipola.kpodr.pl\/wp-content\/uploads\/2023\/10\/gafika.png\" alt=\"\" width=\"1108\" height=\"190\" srcset=\"data:image\/svg+xml,%3Csvg%20xmlns%3D%27http%3A%2F%2Fwww.w3.org%2F2000%2Fsvg%27%20width%3D%271108%27%20height%3D%27190%27%20viewBox%3D%270%200%201108%20190%27%3E%3Crect%20width%3D%271108%27%20height%3D%273190%27%20fill-opacity%3D%220%22%2F%3E%3C%2Fsvg%3E\" data-srcset=\"https:\/\/dnipola.kpodr.pl\/wp-content\/uploads\/2023\/10\/gafika-200x34.png 200w, https:\/\/dnipola.kpodr.pl\/wp-content\/uploads\/2023\/10\/gafika-300x51.png 300w, https:\/\/dnipola.kpodr.pl\/wp-content\/uploads\/2023\/10\/gafika-400x69.png 400w, https:\/\/dnipola.kpodr.pl\/wp-content\/uploads\/2023\/10\/gafika-600x103.png 600w, https:\/\/dnipola.kpodr.pl\/wp-content\/uploads\/2023\/10\/gafika-768x132.png 768w, https:\/\/dnipola.kpodr.pl\/wp-content\/uploads\/2023\/10\/gafika-800x137.png 800w, https:\/\/dnipola.kpodr.pl\/wp-content\/uploads\/2023\/10\/gafika-1024x176.png 1024w, https:\/\/dnipola.kpodr.pl\/wp-content\/uploads\/2023\/10\/gafika.png 1108w\" data-sizes=\"auto\" data-orig-sizes=\"auto, (max-width: 1108px) 100vw, 1108px\" \/><\/h1>\n<h1 style=\"text-align: center;\">Kujawsko-Pomorski O\u015brodek Doradztwa Rolniczego w Minikowie<\/h1>\n<h1 class=\"fusion-responsive-typography-calculated\" style=\"text-align: center;\" data-fontsize=\"16\" data-lineheight=\"24px\">zaprasza na Dzie\u0144 Kukurydzy<br \/>\n12.09.2023 r., Minikowo<\/h1>\n<p style=\"text-align: center;\"><strong><em>Organizowany w ramach <\/em><\/strong><strong><em>operacji\u00a0<\/em><\/strong><strong><em>\u201eDni Pola Minikowo \u2013 innowacyjne rozwi\u0105zania dla zr\u00f3wnowa\u017conego rolnictwa\u201d<\/em><\/strong>\u00a0<strong><em>realizowanej przez Kujawsko-Pomorski O\u015brodek Doradztwa Rolniczego.<\/em><\/strong><\/p>\n<p style=\"text-align: center;\"><strong><em>Operacja wsp\u00f3\u0142finansowana ze \u015brodk\u00f3w Unii Europejskiej w ramach Schematu II Pomocy Technicznej \u201eKrajowa Sie\u0107 Obszar\u00f3w Wiejskich\u201d Programu Rozwoju Obszar\u00f3w Wiejskich na lata 2014-2020.<\/em><\/strong>\u00a0<strong><em>Instytucja Zarz\u0105dzaj\u0105ca Programem Rozwoju Obszar\u00f3w Wiejskich na lata 2014-2020 \u2013 Minister Rolnictwa i Rozwoju Wsi.<\/p>\n<p><\/em><\/strong><\/p>\n<p><img loading=\"lazy\" decoding=\"async\" class=\"lazyload size-full wp-image-7948 aligncenter\" src=\"https:\/\/dnipola.kpodr.pl\/wp-content\/uploads\/2023\/10\/dzie\u0144kukurydzy-2023.png\" data-orig-src=\"https:\/\/dnipola.kpodr.pl\/wp-content\/uploads\/2023\/10\/dzie\u0144kukurydzy-2023.png\" alt=\"\" width=\"682\" height=\"973\" srcset=\"data:image\/svg+xml,%3Csvg%20xmlns%3D%27http%3A%2F%2Fwww.w3.org%2F2000%2Fsvg%27%20width%3D%27682%27%20height%3D%27973%27%20viewBox%3D%270%200%20682%20973%27%3E%3Crect%20width%3D%27682%27%20height%3D%273973%27%20fill-opacity%3D%220%22%2F%3E%3C%2Fsvg%3E\" data-srcset=\"https:\/\/dnipola.kpodr.pl\/wp-content\/uploads\/2023\/10\/dzie\u0144kukurydzy-2023-200x285.png 200w, https:\/\/dnipola.kpodr.pl\/wp-content\/uploads\/2023\/10\/dzie\u0144kukurydzy-2023-210x300.png 210w, https:\/\/dnipola.kpodr.pl\/wp-content\/uploads\/2023\/10\/dzie\u0144kukurydzy-2023-400x571.png 400w, https:\/\/dnipola.kpodr.pl\/wp-content\/uploads\/2023\/10\/dzie\u0144kukurydzy-2023-600x856.png 600w, https:\/\/dnipola.kpodr.pl\/wp-content\/uploads\/2023\/10\/dzie\u0144kukurydzy-2023.png 682w\" data-sizes=\"auto\" data-orig-sizes=\"auto, (max-width: 682px) 100vw, 682px\" \/><\/p>\n<p style=\"text-align: right;\"><strong>Osoba do kontaktu:<\/strong><\/p>\n<p style=\"text-align: right;\"><strong>Aleksandra Heftowicz<\/strong><br \/>\n<strong>Specjalista ds. produkcji ro\u015blinnej<\/strong><br \/>\nemail:\u00a0<a href=\"mailto:aleksandra.heftowicz@kpodr.pl\">aleksandra.heftowicz@kpodr.pl<\/a>,<br \/>\ntel. 52 386 72 37, 667 662 809<\/p>\n","protected":false},"excerpt":{"rendered":"<p>Kujawsko-Pomorski O\u015brodek Doradztwa Rolniczego w Minikowie zaprasza na Dzie\u0144 Kukurydzy 12.09.2023 r., Minikowo Organizowany w ramach operacji\u00a0\u201eDni Pola Minikowo \u2013 innowacyjne rozwi\u0105zania dla zr\u00f3wnowa\u017conego rolnictwa\u201d\u00a0realizowanej przez Kujawsko-Pomorski O\u015brodek Doradztwa Rolniczego. Operacja wsp\u00f3\u0142finansowana ze \u015brodk\u00f3w Unii Europejskiej w ramach Schematu II Pomocy Technicznej \u201eKrajowa Sie\u0107 Obszar\u00f3w Wiejskich\u201d Programu Rozwoju Obszar\u00f3w Wiejskich na lata 2014-2020.\u00a0Instytucja Zarz\u0105dzaj\u0105ca [&hellip;]<\/p>\n","protected":false},"author":7,"featured_media":7950,"comment_status":"closed","ping_status":"closed","sticky":false,"template":"","format":"standard","meta":{"_monsterinsights_skip_tracking":false,"_monsterinsights_sitenote_active":false,"_monsterinsights_sitenote_note":"","_monsterinsights_sitenote_category":0,"footnotes":""},"categories":[1,34],"tags":[],"class_list":["post-7947","post","type-post","status-publish","format-standard","has-post-thumbnail","hentry","category-aktualnosci","category-kukurydza"],"_links":{"self":[{"href":"https:\/\/dnipola.kpodr.pl\/index.php?rest_route=\/wp\/v2\/posts\/7947","targetHints":{"allow":["GET"]}}],"collection":[{"href":"https:\/\/dnipola.kpodr.pl\/index.php?rest_route=\/wp\/v2\/posts"}],"about":[{"href":"https:\/\/dnipola.kpodr.pl\/index.php?rest_route=\/wp\/v2\/types\/post"}],"author":[{"embeddable":true,"href":"https:\/\/dnipola.kpodr.pl\/index.php?rest_route=\/wp\/v2\/users\/7"}],"replies":[{"embeddable":true,"href":"https:\/\/dnipola.kpodr.pl\/index.php?rest_route=%2Fwp%2Fv2%2Fcomments&post=7947"}],"version-history":[{"count":6,"href":"https:\/\/dnipola.kpodr.pl\/index.php?rest_route=\/wp\/v2\/posts\/7947\/revisions"}],"predecessor-version":[{"id":7991,"href":"https:\/\/dnipola.kpodr.pl\/index.php?rest_route=\/wp\/v2\/posts\/7947\/revisions\/7991"}],"wp:featuredmedia":[{"embeddable":true,"href":"https:\/\/dnipola.kpodr.pl\/index.php?rest_route=\/wp\/v2\/media\/7950"}],"wp:attachment":[{"href":"https:\/\/dnipola.kpodr.pl\/index.php?rest_route=%2Fwp%2Fv2%2Fmedia&parent=7947"}],"wp:term":[{"taxonomy":"category","embeddable":true,"href":"https:\/\/dnipola.kpodr.pl\/index.php?rest_route=%2Fwp%2Fv2%2Fcategories&post=7947"},{"taxonomy":"post_tag","embeddable":true,"href":"https:\/\/dnipola.kpodr.pl\/index.php?rest_route=%2Fwp%2Fv2%2Ftags&post=7947"}],"curies":[{"name":"wp","href":"https:\/\/api.w.org\/{rel}","templated":true}]}}