{"id":7961,"date":"2023-06-19T08:36:46","date_gmt":"2023-06-19T06:36:46","guid":{"rendered":"https:\/\/dnipola.kpodr.pl\/?p=7961"},"modified":"2023-10-31T11:46:46","modified_gmt":"2023-10-31T10:46:46","slug":"debata-rolnictwo-dzis-i-jutro-1-lipca-2023-r","status":"publish","type":"post","link":"https:\/\/dnipola.kpodr.pl\/?p=7961","title":{"rendered":"DEBATA \u201eROLNICTWO DZI\u015a I JUTRO\u201d, 1 lipca 2023 r. w Minikowie"},"content":{"rendered":"<p>&nbsp;<\/p>\n<p><img loading=\"lazy\" decoding=\"async\" class=\"lazyload wp-image-7962 aligncenter\" src=\"https:\/\/dnipola.kpodr.pl\/wp-content\/uploads\/2023\/10\/gafika.png\" data-orig-src=\"https:\/\/dnipola.kpodr.pl\/wp-content\/uploads\/2023\/10\/gafika.png\" alt=\"\" width=\"968\" height=\"166\" srcset=\"data:image\/svg+xml,%3Csvg%20xmlns%3D%27http%3A%2F%2Fwww.w3.org%2F2000%2Fsvg%27%20width%3D%27968%27%20height%3D%27166%27%20viewBox%3D%270%200%20968%20166%27%3E%3Crect%20width%3D%27968%27%20height%3D%273166%27%20fill-opacity%3D%220%22%2F%3E%3C%2Fsvg%3E\" data-srcset=\"https:\/\/dnipola.kpodr.pl\/wp-content\/uploads\/2023\/10\/gafika-200x34.png 200w, https:\/\/dnipola.kpodr.pl\/wp-content\/uploads\/2023\/10\/gafika-300x51.png 300w, https:\/\/dnipola.kpodr.pl\/wp-content\/uploads\/2023\/10\/gafika-400x69.png 400w, https:\/\/dnipola.kpodr.pl\/wp-content\/uploads\/2023\/10\/gafika-600x103.png 600w, https:\/\/dnipola.kpodr.pl\/wp-content\/uploads\/2023\/10\/gafika-768x132.png 768w, https:\/\/dnipola.kpodr.pl\/wp-content\/uploads\/2023\/10\/gafika-800x137.png 800w, https:\/\/dnipola.kpodr.pl\/wp-content\/uploads\/2023\/10\/gafika-1024x176.png 1024w, https:\/\/dnipola.kpodr.pl\/wp-content\/uploads\/2023\/10\/gafika.png 1108w\" data-sizes=\"auto\" data-orig-sizes=\"auto, (max-width: 968px) 100vw, 968px\" \/><\/p>\n<h2 style=\"text-align: center;\">Kujawsko-Pomorski O\u015brodek Doradztwa Rolniczego w Minikowie<\/h2>\n<p style=\"text-align: center;\">zaprasza<\/p>\n<blockquote>\n<h2 style=\"text-align: center;\"><strong>DEBAT\u0118 pt. \u201eROLNICTWO DZI\u015a I JUTRO\u201d<\/strong><\/h2>\n<\/blockquote>\n<p style=\"text-align: center;\">1 lipca 2023 r. od godz. 14:00<\/p>\n<p style=\"text-align: center;\">Centrum Transferu Wiedzy i Innowacji im. Leona Janty-Po\u0142czy\u0144skiego w Minikowie<br \/>\n<strong>\u00a0<\/strong><\/p>\n<p><strong>Program<\/strong><\/p>\n<p><strong>13:30<\/strong> Rejestracja uczestnik\u00f3w, serwis kawowy<\/p>\n<p><strong>14:00 Rozpocz\u0119cie wydarzenia, powitanie uczestnik\u00f3w<\/strong><\/p>\n<p><strong>14:10 Wyk\u0142ad wprowadzaj\u0105cy<br \/>\n<\/strong><strong>Konkurencyjno\u015b\u0107 polskiego sektora rolnego w \u015bwietle zmieniaj\u0105cych si\u0119 uwarunkowa\u0144 rynkowych, <\/strong><em>dr Mariusz Dziwulski &#8211; ekspert ds. analiz rynku rolno spo\u017cywczego w PKO Banku Polskim<\/em><\/p>\n<p><strong>14:30 \u201eRolnictwo dzi\u015b i jutro\u201d<\/strong> &#8211; debata na temat konkurencyjno\u015bci polskich produkt\u00f3w rolnych na rynku krajowym i mi\u0119dzynarodowym.<\/p>\n<p>Prowadz\u0105ca: <strong><em>Lucyna Tala\u015bka-Klich<\/em><\/strong><em> &#8211; Zast\u0119pca Redaktora Naczelnego Gazety Pomorskiej,\u00a0 <\/em><em>Redaktor Naczelna og\u00f3lnopolskiego magazynu Strefa AGRO<\/em><\/p>\n<p>Uczestnicy:<br \/>\n<strong><em>Marek Zag\u00f3rski<\/em><\/strong><em> \u2013 Prezes Zarz\u0105du Krajowej Grupy Spo\u017cywczej S.A<br \/>\n<\/em><strong><em>Wiktor Szmulewicz <\/em><\/strong><em>\u2013 Prezes Krajowej Rady Izb Rolniczych<br \/>\n<\/em><strong><em>Marcin Wro\u0144ski<\/em><\/strong><em> \u2013 Zast\u0119pca Dyrektora Generalnego KOWR<br \/>\n<\/em><strong><em>Ryszard Zarudzki<\/em><\/strong><em> \u2013 Zast\u0119pca Prezesa Agencji Restrukturyzacji i Modernizacji Rolnictwa<br \/>\n<\/em><strong><em>Jacek Zarzecki<\/em><\/strong><em> \u2013 Prezes Polskiego Zwi\u0105zku Hodowc\u00f3w i Producent\u00f3w Byd\u0142a Mi\u0119snego<br \/>\n<\/em><strong><em>Dorota Grabarczyk<\/em><\/strong><em> \u2013 analityk rynku mleka Polska Federacja Hodowc\u00f3w Byd\u0142a i Producent\u00f3w Mleka<\/em><\/p>\n<p><strong>Wr\u0119czenie Medali Z\u0142otych za D\u0142ugoletni\u0105 S\u0142u\u017cb\u0119 nadanych przez Prezydenta RP<\/strong><\/p>\n<p><strong>Wr\u0119czenia nagr\u00f3d i wyr\u00f3\u017cnie\u0144:<br \/>\n<\/strong>Wr\u0119czenie nagr\u00f3d w konkursie Bezpieczne Gospodarstwo Rolne<br \/>\nWr\u0119czenie nagr\u00f3d w plebiscycie Mistrzowie AGRO<br \/>\nWr\u0119czenie nagr\u00f3d w konkursie AGROLIGA<br \/>\nWr\u0119czenie wyr\u00f3\u017cnie\u0144 i podzi\u0119kowa\u0144:<\/p>\n<p><strong>Targ\u00f3w Agro-Tech Minikowo<br \/>\n<\/strong><strong>Kujawsko-Pomorskich Dni Pola Minikowo<br \/>\n<\/strong><strong>Kujawsko-Pomorskiej Wystawy Zwierz\u0105t Hodowlanych<br \/>\n<\/strong><strong>Pocz\u0119stunek dla uczestnik\u00f3w<br \/>\n<\/strong><strong>Zako\u0144czenie<\/strong><\/p>\n<p>&nbsp;<\/p>\n<p style=\"text-align: right;\">Osoby do kontaktu i przyjmowania zg\u0142osze\u0144:<\/p>\n<p style=\"text-align: right;\"><strong>Dawid Skotnicki<br \/>\n<\/strong><strong>Kierownik Dzia\u0142u Technologii Produkcji Rolniczej<br \/>\n<\/strong>e-mail:\u00a0<strong><a href=\"mailto:dawid.skotnicki@kpodr.pl\">dawid.skotnicki@kpodr.pl<\/a><br \/>\n<\/strong>tel. 52 386 72\u00a034,\u00a0 723 692 565<\/p>\n<p style=\"text-align: right;\"><strong>Aleksandra Heftowicz<\/strong><br \/>\n<strong>Specjalista ds. produkcji ro\u015blinnej<\/strong><br \/>\nemail:\u00a0<a href=\"mailto:aleksandra.heftowicz@kpodr.pl\">aleksandra.heftowicz@kpodr.pl<\/a>,<br \/>\ntel. 52 386 72 37, 667 662 809<\/p>\n","protected":false},"excerpt":{"rendered":"<p>&nbsp; Kujawsko-Pomorski O\u015brodek Doradztwa Rolniczego w Minikowie zaprasza DEBAT\u0118 pt. \u201eROLNICTWO DZI\u015a I JUTRO\u201d 1 lipca 2023 r. od godz. 14:00 Centrum Transferu Wiedzy i Innowacji im. Leona Janty-Po\u0142czy\u0144skiego w Minikowie \u00a0 Program 13:30 Rejestracja uczestnik\u00f3w, serwis kawowy 14:00 Rozpocz\u0119cie wydarzenia, powitanie uczestnik\u00f3w 14:10 Wyk\u0142ad wprowadzaj\u0105cy Konkurencyjno\u015b\u0107 polskiego sektora rolnego w \u015bwietle zmieniaj\u0105cych si\u0119 [&hellip;]<\/p>\n","protected":false},"author":7,"featured_media":7965,"comment_status":"closed","ping_status":"closed","sticky":false,"template":"","format":"standard","meta":{"_monsterinsights_skip_tracking":false,"_monsterinsights_sitenote_active":false,"_monsterinsights_sitenote_note":"","_monsterinsights_sitenote_category":0,"footnotes":""},"categories":[1],"tags":[],"class_list":["post-7961","post","type-post","status-publish","format-standard","has-post-thumbnail","hentry","category-aktualnosci"],"_links":{"self":[{"href":"https:\/\/dnipola.kpodr.pl\/index.php?rest_route=\/wp\/v2\/posts\/7961","targetHints":{"allow":["GET"]}}],"collection":[{"href":"https:\/\/dnipola.kpodr.pl\/index.php?rest_route=\/wp\/v2\/posts"}],"about":[{"href":"https:\/\/dnipola.kpodr.pl\/index.php?rest_route=\/wp\/v2\/types\/post"}],"author":[{"embeddable":true,"href":"https:\/\/dnipola.kpodr.pl\/index.php?rest_route=\/wp\/v2\/users\/7"}],"replies":[{"embeddable":true,"href":"https:\/\/dnipola.kpodr.pl\/index.php?rest_route=%2Fwp%2Fv2%2Fcomments&post=7961"}],"version-history":[{"count":13,"href":"https:\/\/dnipola.kpodr.pl\/index.php?rest_route=\/wp\/v2\/posts\/7961\/revisions"}],"predecessor-version":[{"id":7995,"href":"https:\/\/dnipola.kpodr.pl\/index.php?rest_route=\/wp\/v2\/posts\/7961\/revisions\/7995"}],"wp:featuredmedia":[{"embeddable":true,"href":"https:\/\/dnipola.kpodr.pl\/index.php?rest_route=\/wp\/v2\/media\/7965"}],"wp:attachment":[{"href":"https:\/\/dnipola.kpodr.pl\/index.php?rest_route=%2Fwp%2Fv2%2Fmedia&parent=7961"}],"wp:term":[{"taxonomy":"category","embeddable":true,"href":"https:\/\/dnipola.kpodr.pl\/index.php?rest_route=%2Fwp%2Fv2%2Fcategories&post=7961"},{"taxonomy":"post_tag","embeddable":true,"href":"https:\/\/dnipola.kpodr.pl\/index.php?rest_route=%2Fwp%2Fv2%2Ftags&post=7961"}],"curies":[{"name":"wp","href":"https:\/\/api.w.org\/{rel}","templated":true}]}}