{"id":8059,"date":"2024-06-26T14:19:46","date_gmt":"2024-06-26T12:19:46","guid":{"rendered":"https:\/\/dnipola.kpodr.pl\/?p=8059"},"modified":"2024-06-26T14:19:46","modified_gmt":"2024-06-26T12:19:46","slug":"zaproszenie-na-demonstracj-mobilnej-instalacji-agrofotowoltaicznej-podczas-dni-pola-w-minikowie","status":"publish","type":"post","link":"https:\/\/dnipola.kpodr.pl\/?p=8059","title":{"rendered":"Zaproszenie na demonstracj\u0119 mobilnej instalacji agrofotowoltaicznej podczas Dni Pola w Minikowie"},"content":{"rendered":"<div class=\"fusion-fullwidth fullwidth-box fusion-builder-row-1 nonhundred-percent-fullwidth non-hundred-percent-height-scrolling\"  style='background-color: #ffffff;background-position: center center;background-repeat: no-repeat;padding-top:-30px;padding-right:0px;padding-bottom:0px;padding-left:0px;'><div class=\"fusion-builder-row fusion-row \"><div  class=\"fusion-layout-column fusion_builder_column fusion_builder_column_1_1 fusion-builder-column-0 fusion-one-full fusion-column-first fusion-column-last 1_1\"  style='margin-top:0px;margin-bottom:20px;'><div class=\"fusion-column-wrapper\" style=\"padding: 0px 0px 0px 0px;background-position:left top;background-repeat:no-repeat;-webkit-background-size:cover;-moz-background-size:cover;-o-background-size:cover;background-size:cover;\"   data-bg-url=\"\"><div class=\"fusion-text\"><div id=\"attachment_8060\" style=\"width: 563px\" class=\"wp-caption alignright\"><img loading=\"lazy\" decoding=\"async\" aria-describedby=\"caption-attachment-8060\" class=\"lazyload size-full wp-image-8060\" src=\"https:\/\/dnipola.kpodr.pl\/wp-content\/uploads\/2024\/06\/Fotowoltaika.png\" data-orig-src=\"https:\/\/dnipola.kpodr.pl\/wp-content\/uploads\/2024\/06\/Fotowoltaika.png\" alt=\"\" width=\"553\" height=\"413\" srcset=\"data:image\/svg+xml,%3Csvg%20xmlns%3D%27http%3A%2F%2Fwww.w3.org%2F2000%2Fsvg%27%20width%3D%27553%27%20height%3D%27413%27%20viewBox%3D%270%200%20553%20413%27%3E%3Crect%20width%3D%27553%27%20height%3D%273413%27%20fill-opacity%3D%220%22%2F%3E%3C%2Fsvg%3E\" data-srcset=\"https:\/\/dnipola.kpodr.pl\/wp-content\/uploads\/2024\/06\/Fotowoltaika-200x149.png 200w, https:\/\/dnipola.kpodr.pl\/wp-content\/uploads\/2024\/06\/Fotowoltaika-300x224.png 300w, https:\/\/dnipola.kpodr.pl\/wp-content\/uploads\/2024\/06\/Fotowoltaika-400x299.png 400w, https:\/\/dnipola.kpodr.pl\/wp-content\/uploads\/2024\/06\/Fotowoltaika.png 553w\" data-sizes=\"auto\" data-orig-sizes=\"auto, (max-width: 553px) 100vw, 553px\" \/><p id=\"caption-attachment-8060\" class=\"wp-caption-text\">Mobilna instalacja agrofotowoltaiczna (MIA)<\/p><\/div>\n<p><b>Politechnika Bydgoska im. Jana i J\u0119drzeja \u015aniadeckich <span style=\"color: var(--body_typography-color); font-family: var(--body_typography-font-family); font-size: var(--body_typography-font-size); font-style: var(--body_typography-font-style,normal); letter-spacing: var(--body_typography-letter-spacing);\">wraz z Kujawsko-Pomorskim O\u015brodkiem Doradztwa Rolniczego <\/span><span style=\"color: var(--body_typography-color); font-family: var(--body_typography-font-family); font-size: var(--body_typography-font-size); font-style: var(--body_typography-font-style,normal); letter-spacing: var(--body_typography-letter-spacing);\">zapraszaj\u0105 na demonstracj\u0119 mobilnej instalacji agrofotowoltaicznej podczas Dni Pola w Minikowie<\/span><\/b><\/p>\n<p><span style=\"color: var(--body_typography-color); font-family: var(--body_typography-font-family); font-size: var(--body_typography-font-size); font-style: var(--body_typography-font-style,normal); font-weight: var(--body_typography-font-weight); letter-spacing: var(--body_typography-letter-spacing);\">kt\u00f3ra odb\u0119dzie si\u0119<\/span><\/p>\n<p>6 lipca 2024 r. (sobota) o godz. 13:30<\/p>\n<p>oraz 7 lipca 2024 r. (niedziela) o godz. 12:00 i 13 :00<\/p>\n<p><b>Miejsce zbi\u00f3rki:<\/b><\/p>\n<p>namiot Wydzia\u0142u Rolnictwa i Biotechnologii Politechniki Bydgoskiej, kt\u00f3ry znajdowa\u0107 si\u0119 b\u0119dzie na polu demonstracyjnym przy kolekcji ro\u015blin zielarskich<\/p>\n<p><b>Kierownikiem projektu AgroPV: <\/b><\/p>\n<p>Prof. dr hab. Anna Wenda-Piesik, dziekan Wydzia\u0142u Rolnictwa i Biotechnologii Politechniki Bydgoskiej.<\/p>\n<p><b>Link do rejestracji:<\/b><\/p>\n<p><a href=\"https:\/\/docs.google.com\/forms\/d\/e\/1FAIpQLSfoybELha3rYhKH0sqrZqoxz-IiI6i7Y9UBAZyZT4DWSTmp1g\/viewform?vc=0&amp;c=0&amp;w=1&amp;flr=0\" target=\"_blank\" rel=\"noopener noreferrer\">https:\/\/docs.google.com\/forms\/d\/e\/1FAIpQLSfoybELha3rYhKH0sqrZqoxz-IiI6i7Y9UBAZyZT4DWSTmp1g\/viewform?vc=0&amp;c=0&amp;w=1&amp;flr=0<\/a><\/p>\n<p>W RZD Minikowo dzia\u0142a ju\u017c MIA (mobilna instalacja agrofotowoltaiczna) w ramach projektu \u201eSystem agrofotowoltaiczny (AgroPV) w uprawie sterowanej gatunk\u00f3w ro\u015blin rolniczych i ogrodniczych\u201d<\/p>\n<p>Przeznaczenie MIA jest do uprawy sterowanej dla r\u00f3\u017cnych gatunk\u00f3w, m.in. zielarskich, w kt\u00f3rych b\u0119dzie mo\u017cna dualnie wykorzystywa\u0107 grunty orne, tj. jednocze\u015bnie prowadzi\u0107 produkcj\u0119 polow\u0105 oraz produkowa\u0107 energi\u0119 elektryczn\u0105 przez panele fotowoltaiczne. <b>Nowy system fotowoltaiczny nie wyklucza grunt\u00f3w spod uprawy i b\u0119dzie innowacyjnym rozwi\u0105zaniem dla gospodarstwa prowadz\u0105cego produkcj\u0119 ro\u015blinn\u0105 lub zwierz\u0119c\u0105.<\/b><\/p>\n<p>System sk\u0142ada si\u0119 z <b>prototypowej mobilnej instalacji<\/b> \u0142\u0105cznej mocy 19,92 kW kt\u00f3ra ze wzgl\u0119du na technologi\u0119 bifacjaln\u0105 mo\u017ce wynie\u015b\u0107 23,90 kW, dwa falowniki hybrydowe, modu\u0142y PV wyposa\u017cone w optymalizatory, magazyny energii o pojemno\u015bci 25 kWh, licznik energii, modu\u0142 5G LTE. Instalacja umo\u017cliwia zmian\u0119 po\u0142o\u017cenia modu\u0142\u00f3w PV poprzez regulacj\u0119 k\u0105ta nachylenia w rz\u0119dach. Ca\u0142y uk\u0142ad instalacji jest samobie\u017cny, wyposa\u017cony w nap\u0119d 4 x 4, w pe\u0142ni zautomatyzowany z mo\u017cliwo\u015bci\u0105 pracy w sekwencjach czasu i odleg\u0142o\u015bci na polu uprawnym. Umo\u017cliwia jednoczesne pozyskiwanie energii fotowoltaicznej, jej gromadzenia w magazynach w czasie wegetacji ro\u015blin na obszarze, po kt\u00f3rym si\u0119 porusza. System jest zdolny do pracy zdalnej, jest w pe\u0142ni zautomatyzowany, wyposa\u017cony w sygnalizacj\u0119 \u015bwietln\u0105, lokalizatory GPS, kamery mobilne, system mobilnej kontroli toru jazdy jak r\u00f3wnie\u017c jego po\u0142o\u017cenia.<\/p>\n<p>Zesp\u00f3\u0142 Prof. Anny Wenda-Piesik od wiosny 2024 roku prowadzi badania nad wykorzystaniem mobilnej instalacji fotowoltaicznej w uprawie czterech gatunk\u00f3w ro\u015blin u\u017cytkowanych dla cel\u00f3w konsumpcyjnych, paszowych i specjalnych w systemie o obiegu zamkni\u0119tym. Na obecnym etapie oznacza to r\u00f3wnie\u017c samowystarczalno\u015b\u0107 energetyczn\u0105 dla gospodarstwa RZD Minikowo.<\/p>\n<p><b>Zapraszamy do zapoznania si\u0119 z MIA podczas Dni Pola w Minikowie, 6 &#8211; 7 lipca 2024 r.<\/b><\/p>\n<p><b>\u00a0<\/b><\/p>\n<p><b>Osoba do kontaktu:<br \/>\n<\/b><span style=\"color: var(--body_typography-color); font-family: var(--body_typography-font-family); font-size: var(--body_typography-font-size); font-style: var(--body_typography-font-style,normal); letter-spacing: var(--body_typography-letter-spacing);\"><b>Pawe\u0142 G\u00f3recki<br \/>\n<\/b><\/span><span style=\"color: var(--body_typography-color); font-family: var(--body_typography-font-family); font-size: var(--body_typography-font-size); font-style: var(--body_typography-font-style,normal); font-weight: var(--body_typography-font-weight); letter-spacing: var(--body_typography-letter-spacing);\">Specjalista ds. produkcji zwierz\u0119cej<br \/>\n<\/span><span style=\"color: var(--body_typography-color); font-family: var(--body_typography-font-family); font-size: var(--body_typography-font-size); font-style: var(--body_typography-font-style,normal); font-weight: var(--body_typography-font-weight); letter-spacing: var(--body_typography-letter-spacing);\">email: <\/span><a href=\"mailto:pawel.gorecki@kpodr.pl\">pawel.gorecki@kpodr.pl<\/a><span style=\"color: var(--body_typography-color); font-family: var(--body_typography-font-family); font-size: var(--body_typography-font-size); font-style: var(--body_typography-font-style,normal); font-weight: var(--body_typography-font-weight); letter-spacing: var(--body_typography-letter-spacing);\"><br \/>\n<\/span><span style=\"color: var(--body_typography-color); font-family: var(--body_typography-font-family); font-size: var(--body_typography-font-size); font-style: var(--body_typography-font-style,normal); font-weight: var(--body_typography-font-weight); letter-spacing: var(--body_typography-letter-spacing);\">tel. 52 386 72 19, 667 662 834<\/span><\/p>\n<\/div><div class=\"fusion-clearfix\"><\/div><\/div><\/div><\/div><\/div><style type=\"text\/css\">.fusion-fullwidth.fusion-builder-row-1 a:not(.fusion-button):not(.fusion-builder-module-control):not(.fusion-social-network-icon):not(.fb-icon-element):not(.fusion-countdown-link):not(.fusion-rollover-link):not(.fusion-rollover-gallery):not(.fusion-button-bar):not(.add_to_cart_button):not(.show_details_button):not(.product_type_external):not(.fusion-quick-view):not(.fusion-rollover-title-link):not(.fusion-breadcrumb-link) , .fusion-fullwidth.fusion-builder-row-1 a:not(.fusion-button):not(.fusion-builder-module-control):not(.fusion-social-network-icon):not(.fb-icon-element):not(.fusion-countdown-link):not(.fusion-rollover-link):not(.fusion-rollover-gallery):not(.fusion-button-bar):not(.add_to_cart_button):not(.show_details_button):not(.product_type_external):not(.fusion-quick-view):not(.fusion-rollover-title-link):not(.fusion-breadcrumb-link):before, .fusion-fullwidth.fusion-builder-row-1 a:not(.fusion-button):not(.fusion-builder-module-control):not(.fusion-social-network-icon):not(.fb-icon-element):not(.fusion-countdown-link):not(.fusion-rollover-link):not(.fusion-rollover-gallery):not(.fusion-button-bar):not(.add_to_cart_button):not(.show_details_button):not(.product_type_external):not(.fusion-quick-view):not(.fusion-rollover-title-link):not(.fusion-breadcrumb-link):after {color: #333333;}.fusion-fullwidth.fusion-builder-row-1 a:not(.fusion-button):not(.fusion-builder-module-control):not(.fusion-social-network-icon):not(.fb-icon-element):not(.fusion-countdown-link):not(.fusion-rollover-link):not(.fusion-rollover-gallery):not(.fusion-button-bar):not(.add_to_cart_button):not(.show_details_button):not(.product_type_external):not(.fusion-quick-view):not(.fusion-rollover-title-link):not(.fusion-breadcrumb-link):hover, .fusion-fullwidth.fusion-builder-row-1 a:not(.fusion-button):not(.fusion-builder-module-control):not(.fusion-social-network-icon):not(.fb-icon-element):not(.fusion-countdown-link):not(.fusion-rollover-link):not(.fusion-rollover-gallery):not(.fusion-button-bar):not(.add_to_cart_button):not(.show_details_button):not(.product_type_external):not(.fusion-quick-view):not(.fusion-rollover-title-link):not(.fusion-breadcrumb-link):hover:before, .fusion-fullwidth.fusion-builder-row-1 a:not(.fusion-button):not(.fusion-builder-module-control):not(.fusion-social-network-icon):not(.fb-icon-element):not(.fusion-countdown-link):not(.fusion-rollover-link):not(.fusion-rollover-gallery):not(.fusion-button-bar):not(.add_to_cart_button):not(.show_details_button):not(.product_type_external):not(.fusion-quick-view):not(.fusion-rollover-title-link):not(.fusion-breadcrumb-link):hover:after {color: #65bc7b;}.fusion-fullwidth.fusion-builder-row-1 .pagination a.inactive:hover, .fusion-fullwidth.fusion-builder-row-1 .fusion-filters .fusion-filter.fusion-active a {border-color: #65bc7b;}.fusion-fullwidth.fusion-builder-row-1 .pagination .current {border-color: #65bc7b; background-color: #65bc7b;}.fusion-fullwidth.fusion-builder-row-1 .fusion-filters .fusion-filter.fusion-active a, .fusion-fullwidth.fusion-builder-row-1 .fusion-date-and-formats .fusion-format-box, .fusion-fullwidth.fusion-builder-row-1 .fusion-popover, .fusion-fullwidth.fusion-builder-row-1 .tooltip-shortcode {color: #65bc7b;}#main .fusion-fullwidth.fusion-builder-row-1 .post .blog-shortcode-post-title a:hover {color: #65bc7b;}<\/style>\n","protected":false},"excerpt":{"rendered":"","protected":false},"author":4,"featured_media":8060,"comment_status":"closed","ping_status":"closed","sticky":false,"template":"","format":"standard","meta":{"_monsterinsights_skip_tracking":false,"_monsterinsights_sitenote_active":false,"_monsterinsights_sitenote_note":"","_monsterinsights_sitenote_category":0,"footnotes":""},"categories":[1],"tags":[],"class_list":["post-8059","post","type-post","status-publish","format-standard","has-post-thumbnail","hentry","category-aktualnosci"],"_links":{"self":[{"href":"https:\/\/dnipola.kpodr.pl\/index.php?rest_route=\/wp\/v2\/posts\/8059","targetHints":{"allow":["GET"]}}],"collection":[{"href":"https:\/\/dnipola.kpodr.pl\/index.php?rest_route=\/wp\/v2\/posts"}],"about":[{"href":"https:\/\/dnipola.kpodr.pl\/index.php?rest_route=\/wp\/v2\/types\/post"}],"author":[{"embeddable":true,"href":"https:\/\/dnipola.kpodr.pl\/index.php?rest_route=\/wp\/v2\/users\/4"}],"replies":[{"embeddable":true,"href":"https:\/\/dnipola.kpodr.pl\/index.php?rest_route=%2Fwp%2Fv2%2Fcomments&post=8059"}],"version-history":[{"count":3,"href":"https:\/\/dnipola.kpodr.pl\/index.php?rest_route=\/wp\/v2\/posts\/8059\/revisions"}],"predecessor-version":[{"id":8063,"href":"https:\/\/dnipola.kpodr.pl\/index.php?rest_route=\/wp\/v2\/posts\/8059\/revisions\/8063"}],"wp:featuredmedia":[{"embeddable":true,"href":"https:\/\/dnipola.kpodr.pl\/index.php?rest_route=\/wp\/v2\/media\/8060"}],"wp:attachment":[{"href":"https:\/\/dnipola.kpodr.pl\/index.php?rest_route=%2Fwp%2Fv2%2Fmedia&parent=8059"}],"wp:term":[{"taxonomy":"category","embeddable":true,"href":"https:\/\/dnipola.kpodr.pl\/index.php?rest_route=%2Fwp%2Fv2%2Fcategories&post=8059"},{"taxonomy":"post_tag","embeddable":true,"href":"https:\/\/dnipola.kpodr.pl\/index.php?rest_route=%2Fwp%2Fv2%2Ftags&post=8059"}],"curies":[{"name":"wp","href":"https:\/\/api.w.org\/{rel}","templated":true}]}}