{"id":8095,"date":"2024-07-04T08:53:08","date_gmt":"2024-07-04T06:53:08","guid":{"rendered":"https:\/\/dnipola.kpodr.pl\/?p=8095"},"modified":"2024-07-04T08:53:16","modified_gmt":"2024-07-04T06:53:16","slug":"warsztaty-podczas-kujawsko-pomorskych-dni-pola-w-minikowie-6-7-lipca","status":"publish","type":"post","link":"https:\/\/dnipola.kpodr.pl\/?p=8095","title":{"rendered":"Warsztaty podczas Kujawsko-Pomorskych Dni Pola w Minikowie 6-7. lipca"},"content":{"rendered":"<div class=\"fusion-fullwidth fullwidth-box fusion-builder-row-1 nonhundred-percent-fullwidth non-hundred-percent-height-scrolling\"  style='background-color: #ffffff;background-position: center center;background-repeat: no-repeat;padding-top:-30px;padding-right:0px;padding-bottom:0px;padding-left:0px;'><div class=\"fusion-builder-row fusion-row \"><div  class=\"fusion-layout-column fusion_builder_column fusion_builder_column_1_1 fusion-builder-column-0 fusion-one-full fusion-column-first fusion-column-last 1_1\"  style='margin-top:0px;margin-bottom:20px;'><div class=\"fusion-column-wrapper\" style=\"padding: 0px 0px 0px 0px;background-position:left top;background-repeat:no-repeat;-webkit-background-size:cover;-moz-background-size:cover;-o-background-size:cover;background-size:cover;\"   data-bg-url=\"\"><div class=\"fusion-text\"><p><img loading=\"lazy\" decoding=\"async\" class=\"lazyload alignleft wp-image-8097 size-medium\" src=\"https:\/\/dnipola.kpodr.pl\/wp-content\/uploads\/2024\/07\/PBS-logo-300x89.png\" data-orig-src=\"https:\/\/dnipola.kpodr.pl\/wp-content\/uploads\/2024\/07\/PBS-logo-300x89.png\" alt=\"\" width=\"300\" height=\"89\" srcset=\"data:image\/svg+xml,%3Csvg%20xmlns%3D%27http%3A%2F%2Fwww.w3.org%2F2000%2Fsvg%27%20width%3D%27300%27%20height%3D%2789%27%20viewBox%3D%270%200%20300%2089%27%3E%3Crect%20width%3D%27300%27%20height%3D%27389%27%20fill-opacity%3D%220%22%2F%3E%3C%2Fsvg%3E\" data-srcset=\"https:\/\/dnipola.kpodr.pl\/wp-content\/uploads\/2024\/07\/PBS-logo-200x59.png 200w, https:\/\/dnipola.kpodr.pl\/wp-content\/uploads\/2024\/07\/PBS-logo-300x89.png 300w, https:\/\/dnipola.kpodr.pl\/wp-content\/uploads\/2024\/07\/PBS-logo-400x119.png 400w, https:\/\/dnipola.kpodr.pl\/wp-content\/uploads\/2024\/07\/PBS-logo.png 424w\" data-sizes=\"auto\" data-orig-sizes=\"auto, (max-width: 300px) 100vw, 300px\" \/><img loading=\"lazy\" decoding=\"async\" class=\"lazyload alignright wp-image-8090 size-medium\" src=\"https:\/\/dnipola.kpodr.pl\/wp-content\/uploads\/2024\/07\/kpodr-logo-300x129.png\" data-orig-src=\"https:\/\/dnipola.kpodr.pl\/wp-content\/uploads\/2024\/07\/kpodr-logo-300x129.png\" alt=\"\" width=\"300\" height=\"129\" srcset=\"data:image\/svg+xml,%3Csvg%20xmlns%3D%27http%3A%2F%2Fwww.w3.org%2F2000%2Fsvg%27%20width%3D%27300%27%20height%3D%27129%27%20viewBox%3D%270%200%20300%20129%27%3E%3Crect%20width%3D%27300%27%20height%3D%273129%27%20fill-opacity%3D%220%22%2F%3E%3C%2Fsvg%3E\" data-srcset=\"https:\/\/dnipola.kpodr.pl\/wp-content\/uploads\/2024\/07\/kpodr-logo-200x86.png 200w, https:\/\/dnipola.kpodr.pl\/wp-content\/uploads\/2024\/07\/kpodr-logo-300x129.png 300w, https:\/\/dnipola.kpodr.pl\/wp-content\/uploads\/2024\/07\/kpodr-logo-400x171.png 400w, https:\/\/dnipola.kpodr.pl\/wp-content\/uploads\/2024\/07\/kpodr-logo.png 434w\" data-sizes=\"auto\" data-orig-sizes=\"auto, (max-width: 300px) 100vw, 300px\" \/><\/p>\n<p><strong>Politechnika Bydgoska im. Jana i J\u0119drzeja \u015aniadeckich <\/strong><strong style=\"color: var(--body_typography-color); font-family: var(--body_typography-font-family); font-size: var(--body_typography-font-size); font-style: var(--body_typography-font-style,normal); letter-spacing: var(--body_typography-letter-spacing);\">wraz z Kujawsko-Pomorskim O\u015brodkiem Doradztwa Rolniczego <\/strong><strong style=\"color: var(--body_typography-color); font-family: var(--body_typography-font-family); font-size: var(--body_typography-font-size); font-style: var(--body_typography-font-style,normal); letter-spacing: var(--body_typography-letter-spacing);\">zapraszaj\u0105<\/strong><strong style=\"color: var(--body_typography-color); font-family: var(--body_typography-font-family); font-size: var(--body_typography-font-size); font-style: var(--body_typography-font-style,normal); letter-spacing: var(--body_typography-letter-spacing);\"> na warsztaty i prezentacje dla os\u00f3b zainteresowanych <\/strong><strong style=\"color: var(--body_typography-color); font-family: var(--body_typography-font-family); font-size: var(--body_typography-font-size); font-style: var(--body_typography-font-style,normal); letter-spacing: var(--body_typography-letter-spacing);\">w dniach 6-7 lipca 2024 w ramach <\/strong><strong style=\"color: var(--body_typography-color); font-family: var(--body_typography-font-family); font-size: var(--body_typography-font-size); font-style: var(--body_typography-font-style,normal); letter-spacing: var(--body_typography-letter-spacing);\">Kujawsko-Pomorskich Dni Pola w Minikowie.<\/strong><\/p>\n<p style=\"text-align: center;\"><span style=\"color: #ff0000;\"><strong><u>Miejsce spotkania<\/u><\/strong><strong> \u2013 namiot Wydzia\u0142u Rolnictwa i Biotechnologii Politechniki Bydgoskiej przy kolekcji ro\u015blin zielarskich.<\/strong><\/span><\/p>\n<p style=\"text-align: center;\"><strong>6 lipca 2024 r. sobota<\/strong><\/p>\n<table style=\"height: 837px;\" width=\"1450\">\n<tbody>\n<tr>\n<td width=\"167\"><strong>Temat warsztatu<\/strong><\/td>\n<td width=\"137\"><strong>Godzina i czas trwania<\/strong><\/td>\n<td width=\"58\"><strong>Limit os\u00f3b<\/strong><\/td>\n<td width=\"122\"><strong>Osoba prowadz\u0105ca<\/strong><\/td>\n<td width=\"131\"><strong>Miejsce<\/strong><\/td>\n<td width=\"259\"><strong>Opis warsztatu<\/strong><\/td>\n<\/tr>\n<tr>\n<td width=\"167\">Obrazowanie spektralne z wykorzystaniem dron\u00f3w w rolnictwie<\/td>\n<td width=\"137\">11.00 \u2013 11.45<\/p>\n<p>45 min<\/td>\n<td width=\"58\">10<\/td>\n<td width=\"122\">dr hab. in\u017c. Lech Ga\u0142\u0119zewski, prof. PB\u015a<\/p>\n<p>dr in\u017c. Karol Lisiecki<\/td>\n<td width=\"131\">Namiot PB\u015a w pobli\u017cu Kolekcji ro\u015blin zielarskich<\/td>\n<td width=\"259\">Forma wyk\u0142adowo-dyskusyjna. Mo\u017cliwo\u015bci wykorzystania dron\u00f3w w rolnictwie. Spotkanie dla wszystkich os\u00f3b zainteresowanych rolnictwem niezale\u017cnie od wieku.<\/td>\n<\/tr>\n<tr>\n<td width=\"167\">Jak uprawia\u0107 zio\u0142a?<\/td>\n<td width=\"137\">11.00 \u2013 12.00<\/p>\n<p>60 min<\/td>\n<td width=\"58\">15<\/td>\n<td width=\"122\">prof. Jadwiga Andrzejewska<\/td>\n<td width=\"131\">Kolekcja ro\u015blin zielarskich \u2013 Kujawsko-Pomorskie Dni Pola<\/td>\n<td width=\"259\">Prezentacja gatunk\u00f3w przydatnych do uprawy w naszych warunkach klimatycznych. Zasady doboru gatunk\u00f3w do warunk\u00f3w glebowych gospodarstwa. Przygotowanie stanowiska i zasady nawo\u017cenia ro\u015blin zielarskich. Zak\u0142adanie plantacji \u2013 z siewu czy z rozsady? Podstawy piel\u0119gnacji zi\u00f3\u0142. Rodzaj surowca zielarskiego a spos\u00f3b zbioru i suszenia. Od czego i jak zacz\u0105\u0107 przygod\u0119 z upraw\u0105 zi\u00f3\u0142?<\/td>\n<\/tr>\n<tr>\n<td width=\"167\">Demonstracja mobilnej instalacji agrofotowoltaicznej<\/td>\n<td width=\"137\">13.30 \u2013 14.00<\/p>\n<p>30 min<\/td>\n<td width=\"58\">25<\/td>\n<td width=\"122\">prof. dr hab. Anna Wenda-Piesik<\/td>\n<td width=\"131\">Zbi\u00f3rka namiot PB\u015a w pobli\u017cu Kolekcji ro\u015blin zielarskich<\/td>\n<td width=\"259\">Prezentacja mobilnej instalacji agrofotowoltaicznej na polach RZD. Instalacja przeznaczona jest do dualnego wykorzystania grunt\u00f3w ornych tj. jednocze\u015bnie prowadzi\u0107 produkcj\u0119 polow\u0105 oraz produkowa\u0107 energi\u0119 elektryczn\u0105 przez panele fotowoltaiczne.<\/td>\n<\/tr>\n<\/tbody>\n<\/table>\n<p style=\"text-align: center;\"><strong>7 lipca 2024 r. niedziela<\/strong><\/p>\n<table style=\"height: 947px;\" width=\"1450\">\n<tbody>\n<tr>\n<td width=\"167\"><strong>Temat warsztatu<\/strong><\/td>\n<td width=\"135\"><strong>Godzina i czas trwania<\/strong><\/td>\n<td width=\"64\"><strong>Limit os\u00f3b<\/strong><\/td>\n<td width=\"118\"><strong>Osoba prowadz\u0105ca<\/strong><\/td>\n<td width=\"130\"><strong>Miejsce<\/strong><\/td>\n<td width=\"260\"><strong>Opis warsztatu<\/strong><\/td>\n<\/tr>\n<tr>\n<td width=\"167\">Obrazowanie spektralne z wykorzystaniem dron\u00f3w w rolnictwie<\/td>\n<td width=\"135\">11.00 \u2013 11.45<\/p>\n<p>45 min<\/td>\n<td width=\"64\">10<\/td>\n<td width=\"118\">dr hab. in\u017c. Lech Ga\u0142\u0119zewski, prof. PB\u015a<\/p>\n<p>dr in\u017c. Karol Lisiecki<\/td>\n<td width=\"130\">Namiot PB\u015a w pobli\u017cu Kolekcji ro\u015blin zielarskich<\/td>\n<td width=\"260\">Forma wyk\u0142adowo-dyskusyjna. Mo\u017cliwo\u015bci wykorzystania dron\u00f3w w rolnictwie. Spotkanie dla wszystkich os\u00f3b zainteresowanych rolnictwem niezale\u017cnie od wieku.<\/td>\n<\/tr>\n<tr>\n<td width=\"167\">W\u0142a\u015bciwo\u015bci i zastosowanie zi\u00f3\u0142<\/td>\n<td width=\"135\">12.00 \u2013 13.00<\/p>\n<p>60 min<\/td>\n<td width=\"64\">15<\/td>\n<td width=\"118\">dr in\u017c. Katarzyna Sadowska<\/td>\n<td width=\"130\">Kolekcja ro\u015blin zielarskich \u2013 Kujawsko-Pomorskie Dni Pola<\/td>\n<td width=\"260\">Om\u00f3wienie zwi\u0105zk\u00f3w czynnych i w\u0142a\u015bciwo\u015bci zi\u00f3\u0142 znajduj\u0105cych si\u0119 na kolekcji. Zastosowanie lecznicze, przyprawowe, kosmetyczne i kulinarne surowc\u00f3w zielarskich. Zasady sporz\u0105dzania mieszanek zio\u0142owych.<\/td>\n<\/tr>\n<tr>\n<td width=\"167\">Demonstracja mobilnej instalacji agrofotowoltaicznej<\/td>\n<td width=\"135\">12.00 \u2013 12.30<\/p>\n<p>30 min<\/td>\n<td width=\"64\">25<\/td>\n<td width=\"118\">prof. dr hab. Anna Wenda-Piesik<\/td>\n<td width=\"130\">Zbi\u00f3rka namiot PB\u015a w pobli\u017cu Kolekcji ro\u015blin zielarskich<\/td>\n<td width=\"260\">Prezentacja mobilnej instalacji agrofotowoltaicznej na polach RZD. Instalacja przeznaczona jest do dualnego wykorzystania grunt\u00f3w ornych tj. jednocze\u015bnie prowadzi\u0107 produkcj\u0119 polow\u0105 oraz produkowa\u0107 energi\u0119 elektryczn\u0105 przez panele fotowoltaiczne.<\/td>\n<\/tr>\n<tr>\n<td width=\"167\">Demonstracja mobilnej instalacji agrofotowoltaicznej<\/td>\n<td width=\"135\">13.00 \u2013 13.30<\/p>\n<p>30 min<\/td>\n<td width=\"64\">25<\/td>\n<td width=\"118\">prof. dr hab. Anna Wenda-Piesik<\/td>\n<td width=\"130\">Zbi\u00f3rka namiot PB\u015a w pobli\u017cu Kolekcji ro\u015blin zielarskich<\/td>\n<td width=\"260\">Prezentacja mobilnej instalacji agrofotowoltaicznej na polach RZD. Instalacja przeznaczona jest do dualnego wykorzystania grunt\u00f3w ornych tj. jednocze\u015bnie prowadzi\u0107 produkcj\u0119 polow\u0105 oraz produkowa\u0107 energi\u0119 elektryczn\u0105 przez panele fotowoltaiczne.<\/td>\n<\/tr>\n<\/tbody>\n<\/table>\n<\/div><div class=\"fusion-clearfix\"><\/div><\/div><\/div><\/div><\/div><style type=\"text\/css\">.fusion-fullwidth.fusion-builder-row-1 a:not(.fusion-button):not(.fusion-builder-module-control):not(.fusion-social-network-icon):not(.fb-icon-element):not(.fusion-countdown-link):not(.fusion-rollover-link):not(.fusion-rollover-gallery):not(.fusion-button-bar):not(.add_to_cart_button):not(.show_details_button):not(.product_type_external):not(.fusion-quick-view):not(.fusion-rollover-title-link):not(.fusion-breadcrumb-link) , .fusion-fullwidth.fusion-builder-row-1 a:not(.fusion-button):not(.fusion-builder-module-control):not(.fusion-social-network-icon):not(.fb-icon-element):not(.fusion-countdown-link):not(.fusion-rollover-link):not(.fusion-rollover-gallery):not(.fusion-button-bar):not(.add_to_cart_button):not(.show_details_button):not(.product_type_external):not(.fusion-quick-view):not(.fusion-rollover-title-link):not(.fusion-breadcrumb-link):before, .fusion-fullwidth.fusion-builder-row-1 a:not(.fusion-button):not(.fusion-builder-module-control):not(.fusion-social-network-icon):not(.fb-icon-element):not(.fusion-countdown-link):not(.fusion-rollover-link):not(.fusion-rollover-gallery):not(.fusion-button-bar):not(.add_to_cart_button):not(.show_details_button):not(.product_type_external):not(.fusion-quick-view):not(.fusion-rollover-title-link):not(.fusion-breadcrumb-link):after {color: #333333;}.fusion-fullwidth.fusion-builder-row-1 a:not(.fusion-button):not(.fusion-builder-module-control):not(.fusion-social-network-icon):not(.fb-icon-element):not(.fusion-countdown-link):not(.fusion-rollover-link):not(.fusion-rollover-gallery):not(.fusion-button-bar):not(.add_to_cart_button):not(.show_details_button):not(.product_type_external):not(.fusion-quick-view):not(.fusion-rollover-title-link):not(.fusion-breadcrumb-link):hover, .fusion-fullwidth.fusion-builder-row-1 a:not(.fusion-button):not(.fusion-builder-module-control):not(.fusion-social-network-icon):not(.fb-icon-element):not(.fusion-countdown-link):not(.fusion-rollover-link):not(.fusion-rollover-gallery):not(.fusion-button-bar):not(.add_to_cart_button):not(.show_details_button):not(.product_type_external):not(.fusion-quick-view):not(.fusion-rollover-title-link):not(.fusion-breadcrumb-link):hover:before, .fusion-fullwidth.fusion-builder-row-1 a:not(.fusion-button):not(.fusion-builder-module-control):not(.fusion-social-network-icon):not(.fb-icon-element):not(.fusion-countdown-link):not(.fusion-rollover-link):not(.fusion-rollover-gallery):not(.fusion-button-bar):not(.add_to_cart_button):not(.show_details_button):not(.product_type_external):not(.fusion-quick-view):not(.fusion-rollover-title-link):not(.fusion-breadcrumb-link):hover:after {color: #65bc7b;}.fusion-fullwidth.fusion-builder-row-1 .pagination a.inactive:hover, .fusion-fullwidth.fusion-builder-row-1 .fusion-filters .fusion-filter.fusion-active a {border-color: #65bc7b;}.fusion-fullwidth.fusion-builder-row-1 .pagination .current {border-color: #65bc7b; background-color: #65bc7b;}.fusion-fullwidth.fusion-builder-row-1 .fusion-filters .fusion-filter.fusion-active a, .fusion-fullwidth.fusion-builder-row-1 .fusion-date-and-formats .fusion-format-box, .fusion-fullwidth.fusion-builder-row-1 .fusion-popover, .fusion-fullwidth.fusion-builder-row-1 .tooltip-shortcode {color: #65bc7b;}#main .fusion-fullwidth.fusion-builder-row-1 .post .blog-shortcode-post-title a:hover {color: #65bc7b;}<\/style>\n","protected":false},"excerpt":{"rendered":"","protected":false},"author":4,"featured_media":7314,"comment_status":"closed","ping_status":"closed","sticky":false,"template":"","format":"standard","meta":{"_monsterinsights_skip_tracking":false,"_monsterinsights_sitenote_active":false,"_monsterinsights_sitenote_note":"","_monsterinsights_sitenote_category":0,"footnotes":""},"categories":[1],"tags":[],"class_list":["post-8095","post","type-post","status-publish","format-standard","has-post-thumbnail","hentry","category-aktualnosci"],"_links":{"self":[{"href":"https:\/\/dnipola.kpodr.pl\/index.php?rest_route=\/wp\/v2\/posts\/8095","targetHints":{"allow":["GET"]}}],"collection":[{"href":"https:\/\/dnipola.kpodr.pl\/index.php?rest_route=\/wp\/v2\/posts"}],"about":[{"href":"https:\/\/dnipola.kpodr.pl\/index.php?rest_route=\/wp\/v2\/types\/post"}],"author":[{"embeddable":true,"href":"https:\/\/dnipola.kpodr.pl\/index.php?rest_route=\/wp\/v2\/users\/4"}],"replies":[{"embeddable":true,"href":"https:\/\/dnipola.kpodr.pl\/index.php?rest_route=%2Fwp%2Fv2%2Fcomments&post=8095"}],"version-history":[{"count":6,"href":"https:\/\/dnipola.kpodr.pl\/index.php?rest_route=\/wp\/v2\/posts\/8095\/revisions"}],"predecessor-version":[{"id":8102,"href":"https:\/\/dnipola.kpodr.pl\/index.php?rest_route=\/wp\/v2\/posts\/8095\/revisions\/8102"}],"wp:featuredmedia":[{"embeddable":true,"href":"https:\/\/dnipola.kpodr.pl\/index.php?rest_route=\/wp\/v2\/media\/7314"}],"wp:attachment":[{"href":"https:\/\/dnipola.kpodr.pl\/index.php?rest_route=%2Fwp%2Fv2%2Fmedia&parent=8095"}],"wp:term":[{"taxonomy":"category","embeddable":true,"href":"https:\/\/dnipola.kpodr.pl\/index.php?rest_route=%2Fwp%2Fv2%2Fcategories&post=8095"},{"taxonomy":"post_tag","embeddable":true,"href":"https:\/\/dnipola.kpodr.pl\/index.php?rest_route=%2Fwp%2Fv2%2Ftags&post=8095"}],"curies":[{"name":"wp","href":"https:\/\/api.w.org\/{rel}","templated":true}]}}