{"id":8400,"date":"2025-06-23T11:54:11","date_gmt":"2025-06-23T09:54:11","guid":{"rendered":"https:\/\/dnipola.kpodr.pl\/?p=8400"},"modified":"2025-07-02T12:27:04","modified_gmt":"2025-07-02T10:27:04","slug":"rolnictwo-dzis-i-jutro-przyszlosc-produkcji-zwierzecej-w-polsce-5-lipca-2025-r","status":"publish","type":"post","link":"https:\/\/dnipola.kpodr.pl\/?p=8400","title":{"rendered":"Debata \u201eRolnictwo dzi\u015b i jutro\u201d 5 lipca 2025 r."},"content":{"rendered":"<h6 style=\"text-align: center;\"><img loading=\"lazy\" decoding=\"async\" class=\"alignnone size-full wp-image-8353 lazyautosizes lazyloaded\" src=\"https:\/\/dnipola.kpodr.pl\/wp-content\/uploads\/2025\/06\/logowanie-ksow-plus.jpg\" sizes=\"auto, 1368px\" srcset=\"https:\/\/dnipola.kpodr.pl\/wp-content\/uploads\/2025\/06\/logowanie-ksow-plus-200x23.jpg 200w, https:\/\/dnipola.kpodr.pl\/wp-content\/uploads\/2025\/06\/logowanie-ksow-plus-300x34.jpg 300w, https:\/\/dnipola.kpodr.pl\/wp-content\/uploads\/2025\/06\/logowanie-ksow-plus-400x45.jpg 400w, https:\/\/dnipola.kpodr.pl\/wp-content\/uploads\/2025\/06\/logowanie-ksow-plus-600x68.jpg 600w, https:\/\/dnipola.kpodr.pl\/wp-content\/uploads\/2025\/06\/logowanie-ksow-plus-768x87.jpg 768w, https:\/\/dnipola.kpodr.pl\/wp-content\/uploads\/2025\/06\/logowanie-ksow-plus-800x91.jpg 800w, https:\/\/dnipola.kpodr.pl\/wp-content\/uploads\/2025\/06\/logowanie-ksow-plus-1024x116.jpg 1024w, https:\/\/dnipola.kpodr.pl\/wp-content\/uploads\/2025\/06\/logowanie-ksow-plus-1200x136.jpg 1200w, https:\/\/dnipola.kpodr.pl\/wp-content\/uploads\/2025\/06\/logowanie-ksow-plus.jpg 1508w\" alt=\"\" width=\"1508\" height=\"171\" data-orig-src=\"https:\/\/dnipola.kpodr.pl\/wp-content\/uploads\/2025\/06\/logowanie-ksow-plus.jpg\" data-srcset=\"https:\/\/dnipola.kpodr.pl\/wp-content\/uploads\/2025\/06\/logowanie-ksow-plus-200x23.jpg 200w, https:\/\/dnipola.kpodr.pl\/wp-content\/uploads\/2025\/06\/logowanie-ksow-plus-300x34.jpg 300w, https:\/\/dnipola.kpodr.pl\/wp-content\/uploads\/2025\/06\/logowanie-ksow-plus-400x45.jpg 400w, https:\/\/dnipola.kpodr.pl\/wp-content\/uploads\/2025\/06\/logowanie-ksow-plus-600x68.jpg 600w, https:\/\/dnipola.kpodr.pl\/wp-content\/uploads\/2025\/06\/logowanie-ksow-plus-768x87.jpg 768w, https:\/\/dnipola.kpodr.pl\/wp-content\/uploads\/2025\/06\/logowanie-ksow-plus-800x91.jpg 800w, https:\/\/dnipola.kpodr.pl\/wp-content\/uploads\/2025\/06\/logowanie-ksow-plus-1024x116.jpg 1024w, https:\/\/dnipola.kpodr.pl\/wp-content\/uploads\/2025\/06\/logowanie-ksow-plus-1200x136.jpg 1200w, https:\/\/dnipola.kpodr.pl\/wp-content\/uploads\/2025\/06\/logowanie-ksow-plus.jpg 1508w\" data-sizes=\"auto\" data-orig-sizes=\"auto, (max-width: 1508px) 100vw, 1508px\" \/><\/h6>\n<p style=\"text-align: center;\"><strong><br \/>\nKujawsko-Pomorski O\u015brodek Doradztwa Rolniczego w Minikowie<\/strong><\/p>\n<p style=\"text-align: center;\">zaprasza na debat\u0119<br \/>\n<strong>\u201eRolnictwo dzi\u015b i jutro\u201d<\/strong><strong>\u00a0<\/strong><strong>5 lipca 2025 r.<br \/>\n<\/strong>Centrum Transferu Wiedzy i Innowacji im. Leona Janty-Po\u0142czy\u0144skiego w Minikowie<\/p>\n<p style=\"text-align: left;\">PROGRAM:<\/p>\n<p style=\"text-align: left;\">15:00\u00a0\u00a0\u00a0\u00a0\u00a0<strong>Wyst\u0105pienia zaproszonych go\u015bci<\/strong><\/p>\n<p style=\"text-align: left;\">15:20\u00a0\u00a0\u00a0\u00a0 Wr\u0119czenie wyr\u00f3\u017cnie\u0144 i podzi\u0119kowa\u0144:\u00a0<strong>Targ\u00f3w Agro-Tech Minikowo,\u00a0<\/strong><strong>Kujawsko-Pomorskich Dni Pola Minikowo<\/strong><strong>\u00a0<\/strong><\/p>\n<p style=\"text-align: left;\">15:40<strong> \u00a0\u00a0\u00a0 \u201eRolnictwo dzi\u015b i jutro\u201d <\/strong>Wyk\u0142ad wprowadzaj\u0105cy:<br \/>\ndr hab. Jaros\u0142aw Sobolewski, prof. UMK \u2013 Kierownik Katedry Ochrony Zdrowia Publicznego i Dobrostanu Zwierz\u0105t Instytutu Medycyny Weterynaryjnej UMK<\/p>\n<p style=\"text-align: left;\">Prowadz\u0105ca debat\u0119:<br \/>\nLucyna Tala\u015bka-Klich \u2013 zast\u0119pca redaktora naczelnego Gazety Pomorskiej, redaktor naczelna og\u00f3lnopolskiego magazynu Strefa AGRO,<\/p>\n<p style=\"text-align: left;\">Uczestnicy:<br \/>\ndr Czes\u0142aw Siekierski \u2013 Minister Rolnictwa i Rozwoju Wsi<br \/>\nWojciech M\u0142ynarek \u2013 Kujawsko-Pomorski Wojew\u00f3dzki Lekarz Weterynarii<br \/>\nPiotr Doligalski \u2013 Wiceprezydent Polskiej Federacji Hodowc\u00f3w Byd\u0142a i Producent\u00f3w Mleka<br \/>\nJerzy Wierzbicki \u2013 Prezes Polskiego Zrzeszenia Producent\u00f3w Byd\u0142a Mi\u0119snego<br \/>\nPiotr \u0141\u0119gowski \u2013 Prezes Kujawsko-Pomorskiego Zrzeszenia Hodowc\u00f3w Drobiu i Producent\u00f3w Jaj<br \/>\nAndrzej Kabat \u2013 Prezes Polskiego Zwi\u0105zku Hodowc\u00f3w i Producent\u00f3w Trzody Chlewnej \u201ePOLSUS\u201d<br \/>\nPiotr \u0141ukaszewicz \u2013 Prezes Regionalnego Zwi\u0105zku Hodowc\u00f3w Owiec i K\u00f3z<\/p>\n<p style=\"text-align: left;\">16:40<strong>\u00a0\u00a0\u00a0\u00a0 Wr\u0119czenia nagr\u00f3d i wyr\u00f3\u017cnie\u0144\u00a0<\/strong>Wr\u0119czenie nagr\u00f3d w konkursie Bezpieczne Gospodarstwo Rolne Wr\u0119czenie nagr\u00f3d w konkursie AGROLIGA<\/p>\n<p style=\"text-align: left;\">18:00\u00a0\u00a0\u00a0\u00a0 <strong>Kolacja<\/strong><\/p>\n<p style=\"text-align: left;\">18:30\u00a0\u00a0\u00a0\u00a0\u00a0<strong>Wyst\u0119p artystyczny<\/strong><\/p>\n<p style=\"text-align: center;\">Osoby do kontaktu:<\/p>\n<p style=\"text-align: center;\"><strong>Dawid Skotnicki<\/strong><br \/>\n<strong>Kierownik Dzia\u0142u Technologii Produkcji Rolniczej<br \/>\n<\/strong>e-mail:\u00a0<strong><a role=\"link\" href=\"mailto:dawid.skotnicki@kpodr.pl\">dawid.skotnicki@kpodr.pl<\/a><\/strong><br \/>\ntel. 52 386 72\u00a034,\u00a0 723 692 565<\/p>\n<p style=\"text-align: center;\"><strong>Anna Mo\u0144ko-\u0141anucha<\/strong><br \/>\ne-mail:\u00a0<strong><a role=\"link\" href=\"mailto:anna.monko@kpodr.pl\">anna.monko@kpodr.pl<\/a><\/strong><br \/>\ntel. 52 386 72 19,\u00a0695 423\u00a0700<\/p>\n<p>&nbsp;<\/p>\n<p><img loading=\"lazy\" decoding=\"async\" class=\"wp-image-8351 lazyautosizes lazyloaded aligncenter\" src=\"https:\/\/dnipola.kpodr.pl\/wp-content\/uploads\/2025\/06\/agro-tech.png\" sizes=\"auto, 217px\" srcset=\"https:\/\/dnipola.kpodr.pl\/wp-content\/uploads\/2025\/06\/agro-tech-200x70.png 200w, https:\/\/dnipola.kpodr.pl\/wp-content\/uploads\/2025\/06\/agro-tech-300x105.png 300w, https:\/\/dnipola.kpodr.pl\/wp-content\/uploads\/2025\/06\/agro-tech-400x140.png 400w, https:\/\/dnipola.kpodr.pl\/wp-content\/uploads\/2025\/06\/agro-tech.png 520w\" alt=\"\" width=\"217\" height=\"76\" data-orig-src=\"https:\/\/dnipola.kpodr.pl\/wp-content\/uploads\/2025\/06\/agro-tech.png\" data-srcset=\"https:\/\/dnipola.kpodr.pl\/wp-content\/uploads\/2025\/06\/agro-tech-200x70.png 200w, https:\/\/dnipola.kpodr.pl\/wp-content\/uploads\/2025\/06\/agro-tech-300x105.png 300w, https:\/\/dnipola.kpodr.pl\/wp-content\/uploads\/2025\/06\/agro-tech-400x140.png 400w, https:\/\/dnipola.kpodr.pl\/wp-content\/uploads\/2025\/06\/agro-tech.png 520w\" data-sizes=\"auto\" data-orig-sizes=\"auto, (max-width: 217px) 100vw, 217px\" \/>\u00a0 <img loading=\"lazy\" decoding=\"async\" class=\"alignnone wp-image-8352 lazyautosizes lazyloaded aligncenter\" src=\"https:\/\/dnipola.kpodr.pl\/wp-content\/uploads\/2025\/06\/dnipola.png\" sizes=\"auto, 171px\" srcset=\"https:\/\/dnipola.kpodr.pl\/wp-content\/uploads\/2025\/06\/dnipola-200x95.png 200w, https:\/\/dnipola.kpodr.pl\/wp-content\/uploads\/2025\/06\/dnipola-300x142.png 300w, https:\/\/dnipola.kpodr.pl\/wp-content\/uploads\/2025\/06\/dnipola-400x189.png 400w, https:\/\/dnipola.kpodr.pl\/wp-content\/uploads\/2025\/06\/dnipola.png 558w\" alt=\"\" width=\"202\" height=\"96\" data-orig-src=\"https:\/\/dnipola.kpodr.pl\/wp-content\/uploads\/2025\/06\/dnipola.png\" data-srcset=\"https:\/\/dnipola.kpodr.pl\/wp-content\/uploads\/2025\/06\/dnipola-200x95.png 200w, https:\/\/dnipola.kpodr.pl\/wp-content\/uploads\/2025\/06\/dnipola-300x142.png 300w, https:\/\/dnipola.kpodr.pl\/wp-content\/uploads\/2025\/06\/dnipola-400x189.png 400w, https:\/\/dnipola.kpodr.pl\/wp-content\/uploads\/2025\/06\/dnipola.png 558w\" data-sizes=\"auto\" data-orig-sizes=\"auto, (max-width: 171px) 100vw, 171px\" \/><\/p>\n<p>&nbsp;<\/p>\n<p style=\"text-align: center;\">Operacja wsp\u00f3\u0142finansowana ze \u015brodk\u00f3w Unii Europejskiej w ramach Planu Strategicznego dla Wsp\u00f3lnej Polityki Rolnej na lata 2023-2027.<br \/>\nOperacja realizowana przez Kujawsko-Pomorski O\u015brodek Doradztwa Rolniczego w Minikowie<br \/>\nInstytucja Zarz\u0105dzaj\u0105ca Planem Strategicznym dla Wsp\u00f3lnej Polityki Rolnej na lata 2023-2027 \u2013 Minister Rolnictwa i Rozwoju Wsi.<\/p>\n","protected":false},"excerpt":{"rendered":"<p>Kujawsko-Pomorski O\u015brodek Doradztwa Rolniczego w Minikowie zaprasza na debat\u0119 \u201eRolnictwo dzi\u015b i jutro\u201d\u00a05 lipca 2025 r. Centrum Transferu Wiedzy i Innowacji im. Leona Janty-Po\u0142czy\u0144skiego w Minikowie PROGRAM: 15:00\u00a0\u00a0\u00a0\u00a0\u00a0Wyst\u0105pienia zaproszonych go\u015bci 15:20\u00a0\u00a0\u00a0\u00a0 Wr\u0119czenie wyr\u00f3\u017cnie\u0144 i podzi\u0119kowa\u0144:\u00a0Targ\u00f3w Agro-Tech Minikowo,\u00a0Kujawsko-Pomorskich Dni Pola Minikowo\u00a0 15:40 \u00a0\u00a0\u00a0 \u201eRolnictwo dzi\u015b i jutro\u201d Wyk\u0142ad wprowadzaj\u0105cy: dr hab. Jaros\u0142aw Sobolewski, prof. UMK [&hellip;]<\/p>\n","protected":false},"author":7,"featured_media":8306,"comment_status":"closed","ping_status":"closed","sticky":false,"template":"","format":"standard","meta":{"_monsterinsights_skip_tracking":false,"_monsterinsights_sitenote_active":false,"_monsterinsights_sitenote_note":"","_monsterinsights_sitenote_category":0,"footnotes":""},"categories":[1],"tags":[],"class_list":["post-8400","post","type-post","status-publish","format-standard","has-post-thumbnail","hentry","category-aktualnosci"],"_links":{"self":[{"href":"https:\/\/dnipola.kpodr.pl\/index.php?rest_route=\/wp\/v2\/posts\/8400","targetHints":{"allow":["GET"]}}],"collection":[{"href":"https:\/\/dnipola.kpodr.pl\/index.php?rest_route=\/wp\/v2\/posts"}],"about":[{"href":"https:\/\/dnipola.kpodr.pl\/index.php?rest_route=\/wp\/v2\/types\/post"}],"author":[{"embeddable":true,"href":"https:\/\/dnipola.kpodr.pl\/index.php?rest_route=\/wp\/v2\/users\/7"}],"replies":[{"embeddable":true,"href":"https:\/\/dnipola.kpodr.pl\/index.php?rest_route=%2Fwp%2Fv2%2Fcomments&post=8400"}],"version-history":[{"count":8,"href":"https:\/\/dnipola.kpodr.pl\/index.php?rest_route=\/wp\/v2\/posts\/8400\/revisions"}],"predecessor-version":[{"id":8531,"href":"https:\/\/dnipola.kpodr.pl\/index.php?rest_route=\/wp\/v2\/posts\/8400\/revisions\/8531"}],"wp:featuredmedia":[{"embeddable":true,"href":"https:\/\/dnipola.kpodr.pl\/index.php?rest_route=\/wp\/v2\/media\/8306"}],"wp:attachment":[{"href":"https:\/\/dnipola.kpodr.pl\/index.php?rest_route=%2Fwp%2Fv2%2Fmedia&parent=8400"}],"wp:term":[{"taxonomy":"category","embeddable":true,"href":"https:\/\/dnipola.kpodr.pl\/index.php?rest_route=%2Fwp%2Fv2%2Fcategories&post=8400"},{"taxonomy":"post_tag","embeddable":true,"href":"https:\/\/dnipola.kpodr.pl\/index.php?rest_route=%2Fwp%2Fv2%2Ftags&post=8400"}],"curies":[{"name":"wp","href":"https:\/\/api.w.org\/{rel}","templated":true}]}}